{"id":21514,"date":"2016-04-01T08:01:29","date_gmt":"2016-04-01T13:01:29","guid":{"rendered":"http:\/\/www.turistamagazine.com\/v2\/?p=21514"},"modified":"2016-04-01T08:01:29","modified_gmt":"2016-04-01T13:01:29","slug":"el-aeropuerto-de-bruselas-listo-tecnicamente-para-reanudar-operaciones","status":"publish","type":"post","link":"https:\/\/www.turistamagazine.com\/v2\/?p=21514","title":{"rendered":"EL AEROPUERTO DE BRUSELAS, LISTO T\u00c9CNICAMENTE PARA REANUDAR OPERACIONES"},"content":{"rendered":"<p style=\"text-align: justify;\">01 ABRIL, 2016 &#8211; El gestor del Aeropuerto de Bruselas asegura que s\u00f3lo est\u00e1 pendiente de la autorizaci\u00f3n oficial del Gobierno belga y su decisi\u00f3n sobre la fecha para reanudar los vuelos de pasajeros, aunque, inicialmente, solo en un 20% de la capacidad regular. Tras una evaluaci\u00f3n de las instalaciones provisionales realizada por la empresa, Bomberos, el BCAA, la Polic\u00eda Federal y de Defensa, el gestor afirma que el sistema de facturaci\u00f3n temporal est\u00e1 \u00abt\u00e9cnicamente listo\u00bb para reiniciar operaciones, aunque se ha decidido que \u00abno habr\u00e1 vuelos de pasajeros antes del s\u00e1bado\u201d. Simult\u00e1neamente, efectivos de la polic\u00eda federal, a cargo de la vigilancia de las instalaciones, hacen fuertes cr\u00edticas a la seguridad, un planteamiento que ya hab\u00edan formulado antes de que ocurrieran los atentados terroristas.<\/p>\n<p style=\"text-align: justify;\">El Departamento de Bomberos y la Autoridad de Aviaci\u00f3n Civil belga han dado el visto bueno para la reanudaci\u00f3n parcial de los vuelos de pasajeros, mientras que las autoridades belgas todav\u00eda tienen que tomar una decisi\u00f3n oficial sobre la fecha de reinicio, dijo que el aeropuerto.<\/p>\n<p style=\"text-align: justify;\">Despu\u00e9s de los ataques terroristas del 22 de marzo vividos en el aeropuerto y el Metro de Bruselas en los que murieron 32 personas, la zona de facturaci\u00f3n qued\u00f3 destruida, poni\u00e9ndose en marcha los arreglos provisionales para reabrir la terminal a capacidad reducida. El sistema temporal permitir\u00e1 gestionar 800 pasajeros por hora frente a los 5.000 en funcionamiento normal. El restaurar la zona de facturaci\u00f3n por completo \u00abpodr\u00eda llevar meses\u00bb, seg\u00fan el CEO de \u00a0la empresa gestora del Aeropuerto de Bruselas, Arnaud Feist.<\/p>\n<p style=\"text-align: justify;\">\u00abEl paso final para el reinicio es la aprobaci\u00f3n pol\u00edtica formal del Gobierno\u00bb, dijo el gestor del aeropuerto de Zaventem en un comunicado este jueves. \u00abMientras tanto, se ha decidido que no habr\u00e1 vuelos de pasajeros hasta el viernes por la noche\u201d.<\/p>\n<p style=\"text-align: justify;\">Conflicto de la polic\u00eda por fallos en la seguridad<\/p>\n<p style=\"text-align: justify;\">La polic\u00eda federal que realiza la vigilancia de las instalaciones dijo que hab\u00edan criticado la seguridad en el principal hub de transporte de B\u00e9lgica mucho antes de los ataques del 22 de marzo pasado.<\/p>\n<p style=\"text-align: justify;\">En una carta abierta a sus superiores y las autoridades del aeropuerto que entregaron a The Associated Press este jueves, la polic\u00eda dijo que a diario hab\u00edan enviado \u00abse\u00f1ales contundentes de los fallos en la seguridad general del aeropuerto\u201d.<\/p>\n<p style=\"text-align: justify;\">La polic\u00eda del aeropuerto tambi\u00e9n se queja de que muchos empleados del aeropuerto tienen antecedentes penales.<\/p>\n<p style=\"text-align: justify;\">F\/ Hosteltur<\/p>\n<p>&nbsp;<\/p>\n","protected":false},"excerpt":{"rendered":"<p>01 ABRIL, 2016 &#8211; El gestor del Aeropuerto de Bruselas asegura que s\u00f3lo est\u00e1 pendiente de la autorizaci\u00f3n oficial del Gobierno belga y su decisi\u00f3n sobre la fecha para reanudar los vuelos de pasajeros, aunque, inicialmente, solo en un 20% de la capacidad regular. Tras una evaluaci\u00f3n de las instalaciones provisionales realizada por la empresa, Bomberos, el BCAA, la Polic\u00eda Federal y de Defensa, el gestor afirma que el sistema de facturaci\u00f3n temporal est\u00e1 \u00abt\u00e9cnicamente listo\u00bb para reiniciar operaciones, aunque se ha decidido que \u00abno habr\u00e1 vuelos de pasajeros antes del s\u00e1bado\u201d. Simult\u00e1neamente, efectivos de la polic\u00eda federal, a cargo&#8230;<\/p>\n","protected":false},"author":1,"featured_media":0,"comment_status":"open","ping_status":"open","sticky":false,"template":"","format":"standard","meta":{"footnotes":""},"categories":[4,84],"tags":[6271,6285,6263,4554,6132,749],"class_list":["post-21514","post","type-post","status-publish","format-standard","hentry","category-breaking-news","category-internacionales","tag-aeropuerto-de-bruselas-zaventem","tag-arnaud-feist","tag-atentados-bruselas","tag-atentados-terroristas","tag-portal-de-noticias-turistamagazine","tag-turistamagazine"],"_links":{"self":[{"href":"https:\/\/www.turistamagazine.com\/v2\/index.php?rest_route=\/wp\/v2\/posts\/21514","targetHints":{"allow":["GET"]}}],"collection":[{"href":"https:\/\/www.turistamagazine.com\/v2\/index.php?rest_route=\/wp\/v2\/posts"}],"about":[{"href":"https:\/\/www.turistamagazine.com\/v2\/index.php?rest_route=\/wp\/v2\/types\/post"}],"author":[{"embeddable":true,"href":"https:\/\/www.turistamagazine.com\/v2\/index.php?rest_route=\/wp\/v2\/users\/1"}],"replies":[{"embeddable":true,"href":"https:\/\/www.turistamagazine.com\/v2\/index.php?rest_route=%2Fwp%2Fv2%2Fcomments&post=21514"}],"version-history":[{"count":3,"href":"https:\/\/www.turistamagazine.com\/v2\/index.php?rest_route=\/wp\/v2\/posts\/21514\/revisions"}],"predecessor-version":[{"id":21518,"href":"https:\/\/www.turistamagazine.com\/v2\/index.php?rest_route=\/wp\/v2\/posts\/21514\/revisions\/21518"}],"wp:attachment":[{"href":"https:\/\/www.turistamagazine.com\/v2\/index.php?rest_route=%2Fwp%2Fv2%2Fmedia&parent=21514"}],"wp:term":[{"taxonomy":"category","embeddable":true,"href":"https:\/\/www.turistamagazine.com\/v2\/index.php?rest_route=%2Fwp%2Fv2%2Fcategories&post=21514"},{"taxonomy":"post_tag","embeddable":true,"href":"https:\/\/www.turistamagazine.com\/v2\/index.php?rest_route=%2Fwp%2Fv2%2Ftags&post=21514"}],"curies":[{"name":"wp","href":"https:\/\/api.w.org\/{rel}","templated":true}]}}