{"id":21340,"date":"2016-03-28T10:09:12","date_gmt":"2016-03-28T15:09:12","guid":{"rendered":"http:\/\/www.turistamagazine.com\/v2\/?p=21340"},"modified":"2016-03-28T10:09:12","modified_gmt":"2016-03-28T15:09:12","slug":"la-estructura-del-aeropuerto-de-bruselas-es-estable","status":"publish","type":"post","link":"https:\/\/www.turistamagazine.com\/v2\/?p=21340","title":{"rendered":"LA ESTRUCTURA DEL AEROPUERTO DE BRUSELAS ES \u00abESTABLE\u00bb"},"content":{"rendered":"<p style=\"text-align: justify;\" align=\"center\">28\/ 03\/ 2016\/Bruselas.-Los ingenieros, t\u00e9cnicos y expertos independientes que han entrado este s\u00e1bado por primera vez en la terminal del aeropuerto de Bruselas despu\u00e9s de los atentados terroristas han confirmado que su estructura es \u00abestable\u00bb. As\u00ed lo ha informado la direcci\u00f3n del aer\u00f3dromo.<\/p>\n<p style=\"text-align: justify;\">\u00abTanto el edificio principal como el de conexi\u00f3n donde se controlan los equipajes de mano y los pasajeros son estables\u00bb, ha se\u00f1alado la gestora del aeropuerto, la cual ha se\u00f1alado tambi\u00e9n que este an\u00e1lisis es todav\u00eda provisional.<\/p>\n<p style=\"text-align: justify;\">\u00a0De esta manera, la terminal donde se produjeron las explosiones no ha sufrido da\u00f1os irreversibles, y el edificio adyacente que acoge los controles de seguridad, de pasaportes para pasar a las puertas de embarque se \u00abencuentra intacto\u00bb, ha indicado el aeropuerto.<\/p>\n<p style=\"text-align: justify;\">\u00a0La compa\u00f1\u00eda evaluar\u00e1 ahora las posibilidades de poder instalar mostradores de facturaci\u00f3n temporales, aunque todav\u00eda se tiene que determinar \u00abcu\u00e1l es la ubicaci\u00f3n ideal\u00bb y estudiar la \u00aborganizaci\u00f3n en t\u00e9rminos pr\u00e1cticos\u00bb en colaboraci\u00f3n con las aerol\u00edneas, entre otras empresas afectadas.<\/p>\n<p style=\"text-align: justify;\">\u00a0En cuanto a los aparcamientos que se encontraban cerrados tras los atentados, el aeropuerto de Bruselas indic\u00f3 hoy que los pasajeros pueden recoger sus coches hasta este domingo.<\/p>\n<p style=\"text-align: justify;\">\u00a0De momento y tras dos d\u00edas de apertura, han salido 4.000 de los 6.000 autom\u00f3viles aparcados. En cuanto a las maletas y otras pertenencias que no han podido ser recuperadas por el atentado, la gestora del aeropuerto record\u00f3 que se pueden recoger en el edificio 722 de Brucargo.<\/p>\n<p style=\"text-align: justify;\" align=\"center\">Foto\/Bruselas-Zaventem &#8211; EFE<\/p>\n<p style=\"text-align: justify;\">F\/ABC.<\/p>\n","protected":false},"excerpt":{"rendered":"<p>28\/ 03\/ 2016\/Bruselas.-Los ingenieros, t\u00e9cnicos y expertos independientes que han entrado este s\u00e1bado por primera vez en la terminal del aeropuerto de Bruselas despu\u00e9s de los atentados terroristas han confirmado que su estructura es \u00abestable\u00bb. As\u00ed lo ha informado la direcci\u00f3n del aer\u00f3dromo. \u00abTanto el edificio principal como el de conexi\u00f3n donde se controlan los equipajes de mano y los pasajeros son estables\u00bb, ha se\u00f1alado la gestora del aeropuerto, la cual ha se\u00f1alado tambi\u00e9n que este an\u00e1lisis es todav\u00eda provisional. \u00a0De esta manera, la terminal donde se produjeron las explosiones no ha sufrido da\u00f1os irreversibles, y el edificio adyacente que&#8230;<\/p>\n","protected":false},"author":1,"featured_media":0,"comment_status":"open","ping_status":"open","sticky":false,"template":"","format":"standard","meta":{"footnotes":""},"categories":[4,84],"tags":[6262,4577,6263,4554,6238,1027,6132,749],"class_list":["post-21340","post","type-post","status-publish","format-standard","hentry","category-breaking-news","category-internacionales","tag-aeropuerto-de-bruselas","tag-aeropuertos","tag-atentados-bruselas","tag-atentados-terroristas","tag-bruselas","tag-latinoamerica","tag-portal-de-noticias-turistamagazine","tag-turistamagazine"],"_links":{"self":[{"href":"https:\/\/www.turistamagazine.com\/v2\/index.php?rest_route=\/wp\/v2\/posts\/21340","targetHints":{"allow":["GET"]}}],"collection":[{"href":"https:\/\/www.turistamagazine.com\/v2\/index.php?rest_route=\/wp\/v2\/posts"}],"about":[{"href":"https:\/\/www.turistamagazine.com\/v2\/index.php?rest_route=\/wp\/v2\/types\/post"}],"author":[{"embeddable":true,"href":"https:\/\/www.turistamagazine.com\/v2\/index.php?rest_route=\/wp\/v2\/users\/1"}],"replies":[{"embeddable":true,"href":"https:\/\/www.turistamagazine.com\/v2\/index.php?rest_route=%2Fwp%2Fv2%2Fcomments&post=21340"}],"version-history":[{"count":3,"href":"https:\/\/www.turistamagazine.com\/v2\/index.php?rest_route=\/wp\/v2\/posts\/21340\/revisions"}],"predecessor-version":[{"id":21344,"href":"https:\/\/www.turistamagazine.com\/v2\/index.php?rest_route=\/wp\/v2\/posts\/21340\/revisions\/21344"}],"wp:attachment":[{"href":"https:\/\/www.turistamagazine.com\/v2\/index.php?rest_route=%2Fwp%2Fv2%2Fmedia&parent=21340"}],"wp:term":[{"taxonomy":"category","embeddable":true,"href":"https:\/\/www.turistamagazine.com\/v2\/index.php?rest_route=%2Fwp%2Fv2%2Fcategories&post=21340"},{"taxonomy":"post_tag","embeddable":true,"href":"https:\/\/www.turistamagazine.com\/v2\/index.php?rest_route=%2Fwp%2Fv2%2Ftags&post=21340"}],"curies":[{"name":"wp","href":"https:\/\/api.w.org\/{rel}","templated":true}]}}