{"id":21300,"date":"2016-03-26T07:43:52","date_gmt":"2016-03-26T12:43:52","guid":{"rendered":"http:\/\/www.turistamagazine.com\/v2\/?p=21300"},"modified":"2016-03-26T07:43:52","modified_gmt":"2016-03-26T12:43:52","slug":"festival-gastronomico-ayacucho-mucho-gusto-2016-abrio-sus-puertas","status":"publish","type":"post","link":"https:\/\/www.turistamagazine.com\/v2\/?p=21300","title":{"rendered":"FESTIVAL GASTRON\u00d3MICO \u00abAYACUCHO, MUCHO GUSTO 2016\u00bb ABRI\u00d3 SUS PUERTAS"},"content":{"rendered":"<p style=\"text-align: justify;\">26\/03\/2016\/ Ayacucho.-. El festival gastron\u00f3mico \u201cAyacucho, Mucho Gusto 2016\u201d abri\u00f3 sus puertas a la poblaci\u00f3n ayacuchana y a los turistas nacionales y extranjeros en estas celebraciones de Semana Santa, ofreciendo los potajes m\u00e1s representativos de las provincias y distritos de esta regi\u00f3n.<\/p>\n<p style=\"text-align: justify;\">En esta actividad culinaria, que se desarrolla en el parque infantil de Enace, se ofrece tambi\u00e9n la extraordinaria artesan\u00eda y productos agroindustriales de la regi\u00f3n.<\/p>\n<p style=\"text-align: justify;\">La inauguraci\u00f3n estuvo presidida por el alcalde provincial de Huamanga, Salom\u00f3n Hugo Aedo Mendoza, quien destac\u00f3 la riqueza cultural ayacuchana e invit\u00f3 a la comunidad local y visitante a disfrutar de la gastronom\u00eda, la artesan\u00eda y la producci\u00f3n agroindustrial, caracterizada por su calidad y variedad.<\/p>\n<p style=\"text-align: justify;\">Expoferia artesanal<\/p>\n<div id=\"attachment_21302\" style=\"width: 624px\" class=\"wp-caption aligncenter\"><a href=\"https:\/\/www.turistamagazine.com\/v2\/wp-content\/uploads\/2016\/03\/Ayacucho-2.jpg\"><img decoding=\"async\" aria-describedby=\"caption-attachment-21302\" class=\" wp-image-21302 \" title=\"La riqueza cultural de Ayacucho, expresada en los trabajos artesanales de piedra de Huamanga, cer\u00e1mica, hojalater\u00eda, textiler\u00eda, entre otros, se exhiben en la Expoferia \u201cAyacucho \" src=\"https:\/\/www.turistamagazine.com\/v2\/wp-content\/uploads\/2016\/03\/Ayacucho-2-1024x682.jpg\" alt=\"\" width=\"614\" height=\"409\" \/><\/a><p id=\"caption-attachment-21302\" class=\"wp-caption-text\">La riqueza cultural de Ayacucho, expresada en los trabajos artesanales de piedra de Huamanga, cer\u00e1mica, hojalater\u00eda, textiler\u00eda, entre otros, se exhiben en la Expoferia \u201cAyacucho<\/p><\/div>\n<p style=\"text-align: justify;\">La riqueza cultural de Ayacucho, expresada en los trabajos artesanales de piedra de Huamanga, cer\u00e1mica, hojalater\u00eda, textiler\u00eda, entre otros, se exhiben en la Expoferia \u201cAyacucho se Pone de Moda\u201d, que se realiza desde el 21 hasta el 27 de marzo en el patio principal de la Municipalidad Provincial de Huamanga con la finalidad de preservar y promover el arte popular.<\/p>\n<p>\u00a0F\/ANDINA\/FOTOportada<\/p>\n","protected":false},"excerpt":{"rendered":"<p>26\/03\/2016\/ Ayacucho.-. El festival gastron\u00f3mico \u201cAyacucho, Mucho Gusto 2016\u201d abri\u00f3 sus puertas a la poblaci\u00f3n ayacuchana y a los turistas nacionales y extranjeros en estas celebraciones de Semana Santa, ofreciendo los potajes m\u00e1s representativos de las provincias y distritos de esta regi\u00f3n. En esta actividad culinaria, que se desarrolla en el parque infantil de Enace, se ofrece tambi\u00e9n la extraordinaria artesan\u00eda y productos agroindustriales de la regi\u00f3n. La inauguraci\u00f3n estuvo presidida por el alcalde provincial de Huamanga, Salom\u00f3n Hugo Aedo Mendoza, quien destac\u00f3 la riqueza cultural ayacuchana e invit\u00f3 a la comunidad local y visitante a disfrutar de la gastronom\u00eda,&#8230;<\/p>\n","protected":false},"author":1,"featured_media":0,"comment_status":"open","ping_status":"open","sticky":false,"template":"","format":"standard","meta":{"footnotes":""},"categories":[4,82],"tags":[340,117,6155,330,749],"class_list":["post-21300","post","type-post","status-publish","format-standard","hentry","category-breaking-news","category-nacionales","tag-peru","tag-promocion-turistica","tag-semana-santa-en-ayacucho","tag-turismo-en-el-peru","tag-turistamagazine"],"_links":{"self":[{"href":"https:\/\/www.turistamagazine.com\/v2\/index.php?rest_route=\/wp\/v2\/posts\/21300","targetHints":{"allow":["GET"]}}],"collection":[{"href":"https:\/\/www.turistamagazine.com\/v2\/index.php?rest_route=\/wp\/v2\/posts"}],"about":[{"href":"https:\/\/www.turistamagazine.com\/v2\/index.php?rest_route=\/wp\/v2\/types\/post"}],"author":[{"embeddable":true,"href":"https:\/\/www.turistamagazine.com\/v2\/index.php?rest_route=\/wp\/v2\/users\/1"}],"replies":[{"embeddable":true,"href":"https:\/\/www.turistamagazine.com\/v2\/index.php?rest_route=%2Fwp%2Fv2%2Fcomments&post=21300"}],"version-history":[{"count":2,"href":"https:\/\/www.turistamagazine.com\/v2\/index.php?rest_route=\/wp\/v2\/posts\/21300\/revisions"}],"predecessor-version":[{"id":21304,"href":"https:\/\/www.turistamagazine.com\/v2\/index.php?rest_route=\/wp\/v2\/posts\/21300\/revisions\/21304"}],"wp:attachment":[{"href":"https:\/\/www.turistamagazine.com\/v2\/index.php?rest_route=%2Fwp%2Fv2%2Fmedia&parent=21300"}],"wp:term":[{"taxonomy":"category","embeddable":true,"href":"https:\/\/www.turistamagazine.com\/v2\/index.php?rest_route=%2Fwp%2Fv2%2Fcategories&post=21300"},{"taxonomy":"post_tag","embeddable":true,"href":"https:\/\/www.turistamagazine.com\/v2\/index.php?rest_route=%2Fwp%2Fv2%2Ftags&post=21300"}],"curies":[{"name":"wp","href":"https:\/\/api.w.org\/{rel}","templated":true}]}}