{"id":21248,"date":"2016-03-23T07:47:16","date_gmt":"2016-03-23T12:47:16","guid":{"rendered":"http:\/\/www.turistamagazine.com\/v2\/?p=21248"},"modified":"2016-03-23T07:47:16","modified_gmt":"2016-03-23T12:47:16","slug":"horror-en-bruselas-una-peruana-entre-las-victimas","status":"publish","type":"post","link":"https:\/\/www.turistamagazine.com\/v2\/?p=21248","title":{"rendered":"HORROR EN BRUSELAS UNA PERUANA ENTRE LAS VICTIMAS"},"content":{"rendered":"<p style=\"text-align: justify;\" align=\"center\"><strong><em><span style=\"color: #000080;\">23\/03\/2016\/ Lima.-No podemos agregar nada a todo lo que ya se ha, dicho, Europa en alerta m\u00e1xima, es un terrible suceso que todav\u00eda no podemos asimilar, las guerras religiosas es lo peor que nos puede pasar, es materialmente imposible luchar contra ellas con armas convencionales, porque un ataque\u00a0 generar\u00e1 otro y as\u00ed sucesivamente, y ser\u00e1 algo de nunca acabar.<\/span><\/em><\/strong><\/p>\n<p style=\"text-align: justify;\">Estamos consternados con tanta violencia insana, por la cual pagan personas totalmente inocentes que no tienen nada que ver con estas guerras\u2026 Justos reclamos para algunos inaceptables para otros.<\/p>\n<p style=\"text-align: justify;\">\u00a0Fue Francia, fue Turqu\u00eda la semana pasada, Rusia, T\u00fanez \u00a0y alg\u00fan otro pa\u00eds que no recordamos en este momento, no obstante jam\u00e1s olvidaremos la tragedia del 11 de setiembre en los EE.UU. Le toc\u00f3 \u00a0ahora \u00a0a la \u00a0bella, ordenada, y segura Bruselas capital de B\u00e9lgica, con varios ataques simult\u00e1neos, que ha dejado m\u00e1s de 30 muertos y decenas de heridos.<\/p>\n<p style=\"text-align: justify;\"><strong><em><span style=\"color: #000080;\">Lamentamos mucho y hacemos llegar nuestro m\u00e1s sentido p\u00e9same a la f\u00e1mula de la Sra. Adelma Tapia Ruiz<\/span>,<\/em><\/strong> de 37 a\u00f1os, se encontraba en el aeropuerto al momento de los atentados, muriendo de manera instant\u00e1nea. La Sra. Adelma resid\u00eda hace 9 a\u00f1os en Bruselas, estaba \u00a0casada con un ciudadano belga. Al momento de la explosi\u00f3n, la se\u00f1ora se encontraba con su esposo y sus dos ni\u00f1as gemelas, quienes s\u00ed salvaron la vida, aunque una de las menores fue herida con esquirlas en su brazo izquierdo.<\/p>\n<p style=\"text-align: justify;\">Charles Michel, primer ministro de B\u00e9lgica, ha dicho dram\u00e1ticamente<strong><em>: <span style=\"color: #000080;\">\u201cLo que tem\u00edamos ha sucedido finalmente\u201d <\/span><\/em><\/strong><span style=\"color: #000080;\">para luego agregar que<strong><em> \u201cnos mantendremos unidos contra los enemigos b\u00e1rbaros de la libertad y de la democracia\u201d. Am\u00e9n\u2026am\u00e9n\u2026<\/em><\/strong><\/span><\/p>\n","protected":false},"excerpt":{"rendered":"<p>23\/03\/2016\/ Lima.-No podemos agregar nada a todo lo que ya se ha, dicho, Europa en alerta m\u00e1xima, es un terrible suceso que todav\u00eda no podemos asimilar, las guerras religiosas es lo peor que nos puede pasar, es materialmente imposible luchar contra ellas con armas convencionales, porque un ataque\u00a0 generar\u00e1 otro y as\u00ed sucesivamente, y ser\u00e1 algo de nunca acabar. Estamos consternados con tanta violencia insana, por la cual pagan personas totalmente inocentes que no tienen nada que ver con estas guerras\u2026 Justos reclamos para algunos inaceptables para otros. \u00a0Fue Francia, fue Turqu\u00eda la semana pasada, Rusia, T\u00fanez \u00a0y alg\u00fan otro&#8230;<\/p>\n","protected":false},"author":1,"featured_media":21249,"comment_status":"open","ping_status":"open","sticky":false,"template":"","format":"standard","meta":{"footnotes":""},"categories":[4,84],"tags":[5526,4034,1613,6238,6239,749],"class_list":["post-21248","post","type-post","status-publish","format-standard","has-post-thumbnail","hentry","category-breaking-news","category-internacionales","tag-ataque-terrorista","tag-ataque-terrorista-en-tunez","tag-belgica","tag-bruselas","tag-horror-en-europa","tag-turistamagazine"],"_links":{"self":[{"href":"https:\/\/www.turistamagazine.com\/v2\/index.php?rest_route=\/wp\/v2\/posts\/21248","targetHints":{"allow":["GET"]}}],"collection":[{"href":"https:\/\/www.turistamagazine.com\/v2\/index.php?rest_route=\/wp\/v2\/posts"}],"about":[{"href":"https:\/\/www.turistamagazine.com\/v2\/index.php?rest_route=\/wp\/v2\/types\/post"}],"author":[{"embeddable":true,"href":"https:\/\/www.turistamagazine.com\/v2\/index.php?rest_route=\/wp\/v2\/users\/1"}],"replies":[{"embeddable":true,"href":"https:\/\/www.turistamagazine.com\/v2\/index.php?rest_route=%2Fwp%2Fv2%2Fcomments&post=21248"}],"version-history":[{"count":3,"href":"https:\/\/www.turistamagazine.com\/v2\/index.php?rest_route=\/wp\/v2\/posts\/21248\/revisions"}],"predecessor-version":[{"id":21252,"href":"https:\/\/www.turistamagazine.com\/v2\/index.php?rest_route=\/wp\/v2\/posts\/21248\/revisions\/21252"}],"wp:featuredmedia":[{"embeddable":true,"href":"https:\/\/www.turistamagazine.com\/v2\/index.php?rest_route=\/wp\/v2\/media\/21249"}],"wp:attachment":[{"href":"https:\/\/www.turistamagazine.com\/v2\/index.php?rest_route=%2Fwp%2Fv2%2Fmedia&parent=21248"}],"wp:term":[{"taxonomy":"category","embeddable":true,"href":"https:\/\/www.turistamagazine.com\/v2\/index.php?rest_route=%2Fwp%2Fv2%2Fcategories&post=21248"},{"taxonomy":"post_tag","embeddable":true,"href":"https:\/\/www.turistamagazine.com\/v2\/index.php?rest_route=%2Fwp%2Fv2%2Ftags&post=21248"}],"curies":[{"name":"wp","href":"https:\/\/api.w.org\/{rel}","templated":true}]}}