{"id":21227,"date":"2016-03-22T07:30:12","date_gmt":"2016-03-22T12:30:12","guid":{"rendered":"http:\/\/www.turistamagazine.com\/v2\/?p=21227"},"modified":"2016-03-22T14:20:34","modified_gmt":"2016-03-22T19:20:34","slug":"unwto-strongly-condemns-the-attacks-in-brussels","status":"publish","type":"post","link":"https:\/\/www.turistamagazine.com\/v2\/?p=21227","title":{"rendered":"UNWTO STRONGLY CONDEMNS THE ATTACKS IN BRUSSELS"},"content":{"rendered":"<p>22\/03\/2016\/ \u00a0Espa\u00f1a .-<em><strong><span style=\"color: #000080;\"> UNWTO is deeply shocked by the tragic attacks perpetrated in Brussels. On behalf of the international tourism community, UNWTO expresses its heartfelt condolences to the families and friends of the victims and to the Belgian people in this difficult moment<\/span><\/strong>.<\/em><\/p>\n<p>\u00abOn the behalf of the international tourism community, UNWTO conveys its heartfelt condolences to the families and friends of the victims and expresses its full solidarity with the people and the Government of Belgium\u201d said UNWTO Secretary-General, Taleb Rifai.<\/p>\n<p>\u201cThis is not an attack on Belgium, it is an attack on us all and sadly these tragic events remind us again that we are facing a global threat that needs to be addressed.<\/p>\n<p align=\"center\"><span style=\"color: #000080;\"><em><strong>La OMT condena firmemente los atentados de Bruselas<\/strong><\/em><\/span><\/p>\n<p><em>La OMT est\u00e1 profundamente conmocionada por los tr\u00e1gicos atentados perpetrados en Bruselas. En nombre de la comunidad tur\u00edstica internacional, la OMT expresa sus m\u00e1s sinceras condolencias a los familiares y amigos de las v\u00edctimas y al pueblo belga en este dif\u00edcil momento.<\/em><\/p>\n<p>\u00abEn nombre de la comunidad tur\u00edstica internacional, la OMT transmite su m\u00e1s sentido p\u00e9same a los familiares y amigos de las v\u00edctimas y expresa su completa solidaridad con el pueblo y el Gobierno de B\u00e9lgica\u00bb, manifest\u00f3 el Secretario General de la OMT, Taleb Rifai.<\/p>\n<p>\u00abNo es un ataque contra B\u00e9lgica, es un ataque contra todos nosotros y, tristemente, estos tr\u00e1gicos sucesos nos recuerdan una vez m\u00e1s que estamos ante una amenaza global que ha de abordarse de manera global\u00bb, agreg\u00f3.<\/p>\n","protected":false},"excerpt":{"rendered":"<p>22\/03\/2016\/ \u00a0Espa\u00f1a .- UNWTO is deeply shocked by the tragic attacks perpetrated in Brussels. On behalf of the international tourism community, UNWTO expresses its heartfelt condolences to the families and friends of the victims and to the Belgian people in this difficult moment. \u00abOn the behalf of the international tourism community, UNWTO conveys its heartfelt condolences to the families and friends of the victims and expresses its full solidarity with the people and the Government of Belgium\u201d said UNWTO Secretary-General, Taleb Rifai. \u201cThis is not an attack on Belgium, it is an attack on us all and sadly these tragic&#8230;<\/p>\n","protected":false},"author":1,"featured_media":0,"comment_status":"open","ping_status":"open","sticky":false,"template":"","format":"standard","meta":{"footnotes":""},"categories":[4,84],"tags":[5526,1613,6234,129,128,749],"class_list":["post-21227","post","type-post","status-publish","format-standard","hentry","category-breaking-news","category-internacionales","tag-ataque-terrorista","tag-belgica","tag-en-belgica","tag-secretario-general-de-la-omt","tag-taleb-rifai","tag-turistamagazine"],"_links":{"self":[{"href":"https:\/\/www.turistamagazine.com\/v2\/index.php?rest_route=\/wp\/v2\/posts\/21227","targetHints":{"allow":["GET"]}}],"collection":[{"href":"https:\/\/www.turistamagazine.com\/v2\/index.php?rest_route=\/wp\/v2\/posts"}],"about":[{"href":"https:\/\/www.turistamagazine.com\/v2\/index.php?rest_route=\/wp\/v2\/types\/post"}],"author":[{"embeddable":true,"href":"https:\/\/www.turistamagazine.com\/v2\/index.php?rest_route=\/wp\/v2\/users\/1"}],"replies":[{"embeddable":true,"href":"https:\/\/www.turistamagazine.com\/v2\/index.php?rest_route=%2Fwp%2Fv2%2Fcomments&post=21227"}],"version-history":[{"count":5,"href":"https:\/\/www.turistamagazine.com\/v2\/index.php?rest_route=\/wp\/v2\/posts\/21227\/revisions"}],"predecessor-version":[{"id":21230,"href":"https:\/\/www.turistamagazine.com\/v2\/index.php?rest_route=\/wp\/v2\/posts\/21227\/revisions\/21230"}],"wp:attachment":[{"href":"https:\/\/www.turistamagazine.com\/v2\/index.php?rest_route=%2Fwp%2Fv2%2Fmedia&parent=21227"}],"wp:term":[{"taxonomy":"category","embeddable":true,"href":"https:\/\/www.turistamagazine.com\/v2\/index.php?rest_route=%2Fwp%2Fv2%2Fcategories&post=21227"},{"taxonomy":"post_tag","embeddable":true,"href":"https:\/\/www.turistamagazine.com\/v2\/index.php?rest_route=%2Fwp%2Fv2%2Ftags&post=21227"}],"curies":[{"name":"wp","href":"https:\/\/api.w.org\/{rel}","templated":true}]}}