{"id":20937,"date":"2016-03-14T16:21:29","date_gmt":"2016-03-14T21:21:29","guid":{"rendered":"http:\/\/www.turistamagazine.com\/v2\/?p=20937"},"modified":"2016-03-14T16:21:29","modified_gmt":"2016-03-14T21:21:29","slug":"eliminacion-de-visa-schengen-es-una-muy-buena-noticia-para-el-pais","status":"publish","type":"post","link":"https:\/\/www.turistamagazine.com\/v2\/?p=20937","title":{"rendered":"\u201cELIMINACI\u00d3N DE VISA SCHENGEN ES UNA MUY BUENA NOTICIA PARA EL PA\u00cdS\u201d"},"content":{"rendered":"<p style=\"text-align: justify;\" align=\"center\">Lima, mar. 14. Como una muy buena noticia para el pa\u00eds, consider\u00f3 el presidente del Congreso, Luis Iberico, la eliminaci\u00f3n de la Visa Schengen para que peruanos puedan viajar sin esta exigencia a diversos pa\u00edses de Europa, y que se concretar\u00e1 hoy \u00a0lunes con la firma del respectivo acuerdo.<\/p>\n<p style=\"text-align: justify;\">Refiri\u00f3 que haber logrado suprimir el requisito del visado para ingresar a Europa refleja que en los \u00faltimos a\u00f1os el Per\u00fa ha crecido como pa\u00eds, a tal punto que comunidades de naciones, antes muy cerradas como la Uni\u00f3n Europea (UE), han decidido abrir sus puertas a los peruanos.<\/p>\n<p style=\"text-align: justify;\"><span style=\"color: #000080;\"><strong><em>\u201cEso es bastante favorable para todos los peruanos y nos ayuda a reanimarnos dentro de esta coyuntura un tanto asfixiante que estamos viviendo en este momento electoral\u201d<\/em><\/strong><\/span>, manifest\u00f3 el titular del Parlamento.<\/p>\n<p style=\"text-align: justify;\">Iberico N\u00fa\u00f1ez agreg\u00f3 que el siguiente paso para el Per\u00fa debe ser concretar la libre entrada de los ciudadanos del Per\u00fa a los Estados Unidos de Am\u00e9rica.<\/p>\n<p style=\"text-align: justify;\">A partir del martes 15 de marzo, los peruanos podr\u00e1n ingresar a Europa sin el requisito de la visa Schengen, seg\u00fan anunci\u00f3 el presidente Ollanta Humala Tasso, quien dijo que la eliminaci\u00f3n de este requerimiento se firmar\u00e1 con la Uni\u00f3n Europea el 14 de marzo, en B\u00e9lgica.<\/p>\n<p style=\"text-align: justify;\"><strong><em><span style=\"color: #000080;\">En un Mensaje a la Naci\u00f3n, el Jefe del Estado inst\u00f3 a los peruanos a informarse sobre este beneficio y hacer uso responsable del tiempo de estad\u00eda que permiten las 26 naciones europeas para viajes sin visa.<\/span><\/em><\/strong><\/p>\n<p style=\"text-align: justify;\">Humala Tasso ofreci\u00f3 su Mensaje a la Naci\u00f3n acompa\u00f1ado por la ministra de Relaciones Exteriores, Ana Mar\u00eda S\u00e1nchez. Esta \u00faltima ya viaj\u00f3 a Bruselas para la firma del acuerdo respectivo.<\/p>\n","protected":false},"excerpt":{"rendered":"<p>Lima, mar. 14. Como una muy buena noticia para el pa\u00eds, consider\u00f3 el presidente del Congreso, Luis Iberico, la eliminaci\u00f3n de la Visa Schengen para que peruanos puedan viajar sin esta exigencia a diversos pa\u00edses de Europa, y que se concretar\u00e1 hoy \u00a0lunes con la firma del respectivo acuerdo. Refiri\u00f3 que haber logrado suprimir el requisito del visado para ingresar a Europa refleja que en los \u00faltimos a\u00f1os el Per\u00fa ha crecido como pa\u00eds, a tal punto que comunidades de naciones, antes muy cerradas como la Uni\u00f3n Europea (UE), han decidido abrir sus puertas a los peruanos. \u201cEso es bastante&#8230;<\/p>\n","protected":false},"author":1,"featured_media":0,"comment_status":"open","ping_status":"open","sticky":false,"template":"","format":"standard","meta":{"footnotes":""},"categories":[4,82],"tags":[321,6177,340,749,435],"class_list":["post-20937","post","type-post","status-publish","format-standard","hentry","category-breaking-news","category-nacionales","tag-lima","tag-luis-iberico","tag-peru","tag-turistamagazine","tag-visa-schengen"],"_links":{"self":[{"href":"https:\/\/www.turistamagazine.com\/v2\/index.php?rest_route=\/wp\/v2\/posts\/20937","targetHints":{"allow":["GET"]}}],"collection":[{"href":"https:\/\/www.turistamagazine.com\/v2\/index.php?rest_route=\/wp\/v2\/posts"}],"about":[{"href":"https:\/\/www.turistamagazine.com\/v2\/index.php?rest_route=\/wp\/v2\/types\/post"}],"author":[{"embeddable":true,"href":"https:\/\/www.turistamagazine.com\/v2\/index.php?rest_route=\/wp\/v2\/users\/1"}],"replies":[{"embeddable":true,"href":"https:\/\/www.turistamagazine.com\/v2\/index.php?rest_route=%2Fwp%2Fv2%2Fcomments&post=20937"}],"version-history":[{"count":5,"href":"https:\/\/www.turistamagazine.com\/v2\/index.php?rest_route=\/wp\/v2\/posts\/20937\/revisions"}],"predecessor-version":[{"id":20944,"href":"https:\/\/www.turistamagazine.com\/v2\/index.php?rest_route=\/wp\/v2\/posts\/20937\/revisions\/20944"}],"wp:attachment":[{"href":"https:\/\/www.turistamagazine.com\/v2\/index.php?rest_route=%2Fwp%2Fv2%2Fmedia&parent=20937"}],"wp:term":[{"taxonomy":"category","embeddable":true,"href":"https:\/\/www.turistamagazine.com\/v2\/index.php?rest_route=%2Fwp%2Fv2%2Fcategories&post=20937"},{"taxonomy":"post_tag","embeddable":true,"href":"https:\/\/www.turistamagazine.com\/v2\/index.php?rest_route=%2Fwp%2Fv2%2Ftags&post=20937"}],"curies":[{"name":"wp","href":"https:\/\/api.w.org\/{rel}","templated":true}]}}