{"id":20866,"date":"2016-03-10T07:29:11","date_gmt":"2016-03-10T12:29:11","guid":{"rendered":"http:\/\/www.turistamagazine.com\/v2\/?p=20866"},"modified":"2016-03-10T07:29:11","modified_gmt":"2016-03-10T12:29:11","slug":"ica-delegaciones-de-9-paises-estaran-en-festival-de-la-vendimia","status":"publish","type":"post","link":"https:\/\/www.turistamagazine.com\/v2\/?p=20866","title":{"rendered":"ICA: DELEGACIONES DE 9 PA\u00cdSES ESTAR\u00c1N EN FESTIVAL DE LA VENDIMIA"},"content":{"rendered":"<p style=\"text-align: justify;\">10\/03\/2016\/ Ica.- \u00a0Delegaciones de Colombia, Ecuador, Egipto, Guatemala, Jap\u00f3n, M\u00e9xico, Nicaragua, El Salvador y Chile participan en las actividades por el 51\u00b0 Festival Internacional de la Vendimia Ique\u00f1a, declar\u00f3 el alcalde provincial de Ica, Carlos Ramos Loayza.<\/p>\n<p style=\"text-align: justify;\">Detall\u00f3 que estas delegaciones ya est\u00e1n llegando y cumplir\u00e1n actividades protocolares, tur\u00edsticas y art\u00edsticas.<\/p>\n<p style=\"text-align: justify;\">Por su parte, el regidor V\u00edctor Loayza Abreg\u00fa, presidente del Comit\u00e9 Especial del FIVI 2016, inform\u00f3 que los embajadores, c\u00f3nsules y las se\u00f1oritas representantes de los pa\u00edses hermanos mencionados, ser\u00e1n declarados Hu\u00e9spedes Ilustres de la ciudad de Ica, durante la Sesi\u00f3n Solemne, que se realizar\u00e1 el viernes 11, a las 11:00 horas, en el Sal\u00f3n de Actos del Palacio Municipal.<\/p>\n<p style=\"text-align: justify;\">La comuna ique\u00f1a record\u00f3 que est\u00e1 vigente la Ley N\u00b0 16904, que declara Feriado no laborable en el departamento de Ica, el segundo viernes de marzo de cada a\u00f1o, con motivo de celebrar la cosecha de la uva y el crecimiento de la industria vitivin\u00edcola en dicha regi\u00f3n.<\/p>\n<p style=\"text-align: justify;\">En tal sentido, el burgomaestre ique\u00f1o hizo un llamado a las entidades p\u00fablicas y privadas de las cinco provincias que conforman la regi\u00f3n Ica, a tomar las previsiones administrativas respectivas, en beneficio de sus trabajadores y por ende, asegurar la participaci\u00f3n masiva de la poblaci\u00f3n en todas las actividades alusivas a la tradicional Fiesta de la Uva, que se realicen en Ica.<\/p>\n","protected":false},"excerpt":{"rendered":"<p>10\/03\/2016\/ Ica.- \u00a0Delegaciones de Colombia, Ecuador, Egipto, Guatemala, Jap\u00f3n, M\u00e9xico, Nicaragua, El Salvador y Chile participan en las actividades por el 51\u00b0 Festival Internacional de la Vendimia Ique\u00f1a, declar\u00f3 el alcalde provincial de Ica, Carlos Ramos Loayza. Detall\u00f3 que estas delegaciones ya est\u00e1n llegando y cumplir\u00e1n actividades protocolares, tur\u00edsticas y art\u00edsticas. Por su parte, el regidor V\u00edctor Loayza Abreg\u00fa, presidente del Comit\u00e9 Especial del FIVI 2016, inform\u00f3 que los embajadores, c\u00f3nsules y las se\u00f1oritas representantes de los pa\u00edses hermanos mencionados, ser\u00e1n declarados Hu\u00e9spedes Ilustres de la ciudad de Ica, durante la Sesi\u00f3n Solemne, que se realizar\u00e1 el viernes 11, a&#8230;<\/p>\n","protected":false},"author":1,"featured_media":20867,"comment_status":"open","ping_status":"open","sticky":false,"template":"","format":"standard","meta":{"footnotes":""},"categories":[4,82],"tags":[6166,611,340,117,749],"class_list":["post-20866","post","type-post","status-publish","format-standard","has-post-thumbnail","hentry","category-breaking-news","category-nacionales","tag-feria-internacional-de-la-vendimia-2016","tag-ica","tag-peru","tag-promocion-turistica","tag-turistamagazine"],"_links":{"self":[{"href":"https:\/\/www.turistamagazine.com\/v2\/index.php?rest_route=\/wp\/v2\/posts\/20866","targetHints":{"allow":["GET"]}}],"collection":[{"href":"https:\/\/www.turistamagazine.com\/v2\/index.php?rest_route=\/wp\/v2\/posts"}],"about":[{"href":"https:\/\/www.turistamagazine.com\/v2\/index.php?rest_route=\/wp\/v2\/types\/post"}],"author":[{"embeddable":true,"href":"https:\/\/www.turistamagazine.com\/v2\/index.php?rest_route=\/wp\/v2\/users\/1"}],"replies":[{"embeddable":true,"href":"https:\/\/www.turistamagazine.com\/v2\/index.php?rest_route=%2Fwp%2Fv2%2Fcomments&post=20866"}],"version-history":[{"count":2,"href":"https:\/\/www.turistamagazine.com\/v2\/index.php?rest_route=\/wp\/v2\/posts\/20866\/revisions"}],"predecessor-version":[{"id":20869,"href":"https:\/\/www.turistamagazine.com\/v2\/index.php?rest_route=\/wp\/v2\/posts\/20866\/revisions\/20869"}],"wp:featuredmedia":[{"embeddable":true,"href":"https:\/\/www.turistamagazine.com\/v2\/index.php?rest_route=\/wp\/v2\/media\/20867"}],"wp:attachment":[{"href":"https:\/\/www.turistamagazine.com\/v2\/index.php?rest_route=%2Fwp%2Fv2%2Fmedia&parent=20866"}],"wp:term":[{"taxonomy":"category","embeddable":true,"href":"https:\/\/www.turistamagazine.com\/v2\/index.php?rest_route=%2Fwp%2Fv2%2Fcategories&post=20866"},{"taxonomy":"post_tag","embeddable":true,"href":"https:\/\/www.turistamagazine.com\/v2\/index.php?rest_route=%2Fwp%2Fv2%2Ftags&post=20866"}],"curies":[{"name":"wp","href":"https:\/\/api.w.org\/{rel}","templated":true}]}}