{"id":2086,"date":"2014-02-24T10:03:47","date_gmt":"2014-02-24T15:03:47","guid":{"rendered":"http:\/\/www.turistamagazine.com\/v2\/?p=2086"},"modified":"2014-02-24T10:03:47","modified_gmt":"2014-02-24T15:03:47","slug":"peru-promperu-participara-en-feria-anato-2014-en-colombia","status":"publish","type":"post","link":"https:\/\/www.turistamagazine.com\/v2\/?p=2086","title":{"rendered":"PERU: PROMPER\u00da PARTICIPAR\u00c1 EN FERIA ANATO 2014 EN COLOMBIA"},"content":{"rendered":"<p>Lima.-La Comisi\u00f3n de Promoci\u00f3n del Per\u00fa para el Turismo y las Exportaciones (Promper\u00fa) y otras empresas del sector turismo, participar\u00e1n en la Feria Internacional de Turismo \u2018Anato 2014\u2019, que se realizar\u00e1 del 26 al 28 de febrero, en Bogot\u00e1.<\/p>\n<p>El evento que es organizado por la Asociaci\u00f3n Colombiana de Agencias de Viajes y Turismo (Anato), est\u00e1 dirigido a los profesionales del turismo, con el objetivo de fomentar la comercializaci\u00f3n de los destinos tur\u00edsticos de Per\u00fa, a trav\u00e9s de la participaci\u00f3n conjunta con las empresas peruanas.<\/p>\n<p><span style=\"text-align: justify;\">Promper\u00fa destac\u00f3 la importancia de su participaci\u00f3n, debido a que Colombia es el cuarto emisor de turistas a Per\u00fa a nivel Sudam\u00e9rica y el quinto dentro del ranking general de llegadas. Cuenta con 73 vuelos semanales y constituye un mercado importante de generaci\u00f3n de turistas a Per\u00fa.<\/span><\/p>\n<p style=\"text-align: justify;\">\u00a0Para Promper\u00fa, esta feria es la plataforma ideal para la comercializaci\u00f3n y exposici\u00f3n de los destinos tur\u00edsticos peruanos, as\u00ed como para identificar nuevas oportunidades de promoci\u00f3n, mediante tour operadores especializados, l\u00edneas a\u00e9reas y consumidor final, de esta manera se fortalece la imagen del destino Per\u00fa.<\/p>\n<p style=\"text-align: justify;\">\u00a0Liz Chuecas, funcionaria de la Direcci\u00f3n de Promoci\u00f3n del Turismo, viajar\u00e1 a Colombia en representaci\u00f3n de Promper\u00fa y desarrollar\u00e1 actividades vinculadas a la promoci\u00f3n tur\u00edstica del pa\u00eds.<\/p>\n<p style=\"text-align: justify;\">\u00a0F\/ Promperu<\/p>\n","protected":false},"excerpt":{"rendered":"<p>Lima.-La Comisi\u00f3n de Promoci\u00f3n del Per\u00fa para el Turismo y las Exportaciones (Promper\u00fa) y otras empresas del sector turismo, participar\u00e1n en la Feria Internacional de Turismo \u2018Anato 2014\u2019, que se realizar\u00e1 del 26 al 28 de febrero, en Bogot\u00e1. El evento que es organizado por la Asociaci\u00f3n Colombiana de Agencias de Viajes y Turismo (Anato), est\u00e1 dirigido a los profesionales del turismo, con el objetivo de fomentar la comercializaci\u00f3n de los destinos tur\u00edsticos de Per\u00fa, a trav\u00e9s de la participaci\u00f3n conjunta con las empresas peruanas. Promper\u00fa destac\u00f3 la importancia de su participaci\u00f3n, debido a que Colombia es el cuarto emisor&#8230;<\/p>\n","protected":false},"author":1,"featured_media":0,"comment_status":"open","ping_status":"open","sticky":false,"template":"","format":"standard","meta":{"footnotes":""},"categories":[4,82],"tags":[527,340,117,349,330],"class_list":["post-2086","post","type-post","status-publish","format-standard","hentry","category-breaking-news","category-nacionales","tag-anato","tag-peru","tag-promocion-turistica","tag-promperu","tag-turismo-en-el-peru"],"_links":{"self":[{"href":"https:\/\/www.turistamagazine.com\/v2\/index.php?rest_route=\/wp\/v2\/posts\/2086","targetHints":{"allow":["GET"]}}],"collection":[{"href":"https:\/\/www.turistamagazine.com\/v2\/index.php?rest_route=\/wp\/v2\/posts"}],"about":[{"href":"https:\/\/www.turistamagazine.com\/v2\/index.php?rest_route=\/wp\/v2\/types\/post"}],"author":[{"embeddable":true,"href":"https:\/\/www.turistamagazine.com\/v2\/index.php?rest_route=\/wp\/v2\/users\/1"}],"replies":[{"embeddable":true,"href":"https:\/\/www.turistamagazine.com\/v2\/index.php?rest_route=%2Fwp%2Fv2%2Fcomments&post=2086"}],"version-history":[{"count":2,"href":"https:\/\/www.turistamagazine.com\/v2\/index.php?rest_route=\/wp\/v2\/posts\/2086\/revisions"}],"predecessor-version":[{"id":2088,"href":"https:\/\/www.turistamagazine.com\/v2\/index.php?rest_route=\/wp\/v2\/posts\/2086\/revisions\/2088"}],"wp:attachment":[{"href":"https:\/\/www.turistamagazine.com\/v2\/index.php?rest_route=%2Fwp%2Fv2%2Fmedia&parent=2086"}],"wp:term":[{"taxonomy":"category","embeddable":true,"href":"https:\/\/www.turistamagazine.com\/v2\/index.php?rest_route=%2Fwp%2Fv2%2Fcategories&post=2086"},{"taxonomy":"post_tag","embeddable":true,"href":"https:\/\/www.turistamagazine.com\/v2\/index.php?rest_route=%2Fwp%2Fv2%2Ftags&post=2086"}],"curies":[{"name":"wp","href":"https:\/\/api.w.org\/{rel}","templated":true}]}}