{"id":20557,"date":"2016-02-29T16:13:03","date_gmt":"2016-02-29T21:13:03","guid":{"rendered":"http:\/\/www.turistamagazine.com\/v2\/?p=20557"},"modified":"2016-02-29T16:13:03","modified_gmt":"2016-02-29T21:13:03","slug":"canciller-expresa-conviccion-de-que-muy-pronto-se-levantara-requisito-de-visa-schengen","status":"publish","type":"post","link":"https:\/\/www.turistamagazine.com\/v2\/?p=20557","title":{"rendered":"CANCILLER EXPRESA CONVICCI\u00d3N DE QUE \u201cMUY PRONTO\u201d SE LEVANTAR\u00c1 REQUISITO DE VISA SCHENGEN"},"content":{"rendered":"<p style=\"text-align: justify;\" align=\"center\">Lima, feb. 29. La Canciller de la Rep\u00fablica, Ana Mar\u00eda S\u00e1nchez, expres\u00f3 su convicci\u00f3n que \u201cmuy pronto\u201d se levantar\u00e1 el requisito de la visa Schengen para los ciudadanos peruanos que quieran viajar a los pa\u00edses europeos, tras la emisi\u00f3n de los pasaportes biom\u00e9tricos. \u201cEse era el escal\u00f3n principal que ten\u00edamos que subir para que los europeos sigan en la negociaci\u00f3n que se est\u00e1 realizando al interior de la Uni\u00f3n Europea para fijarnos una fecha, tenemos la convicci\u00f3n que ser\u00e1 muy pronto\u201d, declar\u00f3.<\/p>\n<p style=\"text-align: justify;\">Se\u00f1al\u00f3 que la emisi\u00f3n de los pasaportes biom\u00e9tricos que ya se empezaron a emitir por parte de la Superintendencia Nacional de Migraciones, constituye \u201cel hito fundamental\u201d en el esfuerzo del Per\u00fa\u00a0 para que sus connacionales puedan viajar sin restricciones a los pa\u00edses de la zona Schengen.<\/p>\n<p style=\"text-align: justify;\">Refiri\u00f3 que la negociaci\u00f3n con la Uni\u00f3n Europea ha sido \u201cardua\u201d y que implic\u00f3 un gran compromiso del Per\u00fa, a fin de que sus ciudadanos puedan viajar para estancias cortas a Europa, sin necesidad de la visa.<\/p>\n<p style=\"text-align: justify;\">\u201cLo importante es que la poblaci\u00f3n tambi\u00e9n sepa que nosotros vamos a poder viajar a la zona Schengen no solo con el nuevo pasaporte biom\u00e9trico, sino que vamos a tener un plazo considerable para poder usar todav\u00eda nuestro pasaporte mecanizado\u201d, sostuvo.<\/p>\n<p style=\"text-align: justify;\">La Superintendencia Nacional de Migraciones empez\u00f3 el jueves \u00faltimo la emisi\u00f3n de los pasaportes biom\u00e9tricos. Estima una emisi\u00f3n de 200 por d\u00eda, para luego, progresivamente, aumentar su n\u00famero y posteriormente emitir un total de un mill\u00f3n 200,000 en un periodo de tres a\u00f1os.<\/p>\n<p style=\"text-align: justify;\">La suscripci\u00f3n del acuerdo entre el Per\u00fa y la Uni\u00f3n Europea para la eliminaci\u00f3n de la visa Schengen, permitir\u00e1 a los peruanos ingresar a la 26 pa\u00edses europeos por viajes de turismo y de corta estancia.<\/p>\n<p>Andina<\/p>\n","protected":false},"excerpt":{"rendered":"<p>Lima, feb. 29. La Canciller de la Rep\u00fablica, Ana Mar\u00eda S\u00e1nchez, expres\u00f3 su convicci\u00f3n que \u201cmuy pronto\u201d se levantar\u00e1 el requisito de la visa Schengen para los ciudadanos peruanos que quieran viajar a los pa\u00edses europeos, tras la emisi\u00f3n de los pasaportes biom\u00e9tricos. \u201cEse era el escal\u00f3n principal que ten\u00edamos que subir para que los europeos sigan en la negociaci\u00f3n que se est\u00e1 realizando al interior de la Uni\u00f3n Europea para fijarnos una fecha, tenemos la convicci\u00f3n que ser\u00e1 muy pronto\u201d, declar\u00f3. Se\u00f1al\u00f3 que la emisi\u00f3n de los pasaportes biom\u00e9tricos que ya se empezaron a emitir por parte de la&#8230;<\/p>\n","protected":false},"author":1,"featured_media":0,"comment_status":"open","ping_status":"open","sticky":false,"template":"","format":"standard","meta":{"footnotes":""},"categories":[4,82],"tags":[767,340,749,6098,435],"class_list":["post-20557","post","type-post","status-publish","format-standard","hentry","category-breaking-news","category-nacionales","tag-pasaporte-biometrico","tag-peru","tag-turistamagazine","tag-viajes-a-europa","tag-visa-schengen"],"_links":{"self":[{"href":"https:\/\/www.turistamagazine.com\/v2\/index.php?rest_route=\/wp\/v2\/posts\/20557","targetHints":{"allow":["GET"]}}],"collection":[{"href":"https:\/\/www.turistamagazine.com\/v2\/index.php?rest_route=\/wp\/v2\/posts"}],"about":[{"href":"https:\/\/www.turistamagazine.com\/v2\/index.php?rest_route=\/wp\/v2\/types\/post"}],"author":[{"embeddable":true,"href":"https:\/\/www.turistamagazine.com\/v2\/index.php?rest_route=\/wp\/v2\/users\/1"}],"replies":[{"embeddable":true,"href":"https:\/\/www.turistamagazine.com\/v2\/index.php?rest_route=%2Fwp%2Fv2%2Fcomments&post=20557"}],"version-history":[{"count":3,"href":"https:\/\/www.turistamagazine.com\/v2\/index.php?rest_route=\/wp\/v2\/posts\/20557\/revisions"}],"predecessor-version":[{"id":20561,"href":"https:\/\/www.turistamagazine.com\/v2\/index.php?rest_route=\/wp\/v2\/posts\/20557\/revisions\/20561"}],"wp:attachment":[{"href":"https:\/\/www.turistamagazine.com\/v2\/index.php?rest_route=%2Fwp%2Fv2%2Fmedia&parent=20557"}],"wp:term":[{"taxonomy":"category","embeddable":true,"href":"https:\/\/www.turistamagazine.com\/v2\/index.php?rest_route=%2Fwp%2Fv2%2Fcategories&post=20557"},{"taxonomy":"post_tag","embeddable":true,"href":"https:\/\/www.turistamagazine.com\/v2\/index.php?rest_route=%2Fwp%2Fv2%2Ftags&post=20557"}],"curies":[{"name":"wp","href":"https:\/\/api.w.org\/{rel}","templated":true}]}}