{"id":20362,"date":"2016-02-22T10:36:04","date_gmt":"2016-02-22T15:36:04","guid":{"rendered":"http:\/\/www.turistamagazine.com\/v2\/?p=20362"},"modified":"2016-02-22T10:36:04","modified_gmt":"2016-02-22T15:36:04","slug":"peru-sera-anfitrion-del-iv-congreso-mundial-de-reservas-de-biosfera","status":"publish","type":"post","link":"https:\/\/www.turistamagazine.com\/v2\/?p=20362","title":{"rendered":"PER\u00da SER\u00c1 ANFITRI\u00d3N DEL IV CONGRESO MUNDIAL DE RESERVAS DE BI\u00d3SFERA"},"content":{"rendered":"<p style=\"text-align: justify;\">\u00a022\/02\/2016\/ Lima.- \u00a0Per\u00fa se convertir\u00e1, en marzo pr\u00f3ximo, en el primer pa\u00eds de Am\u00e9rica Latina en ser sede del <strong><em><span style=\"color: #000080;\">Congreso Mundial de Reservas de Biosfera<\/span><\/em><\/strong>, uno de los eventos m\u00e1s importantes en materia de conservaci\u00f3n de biodiversidad y desarrollo sostenible.<\/p>\n<p style=\"text-align: justify;\">En su cuarta edici\u00f3n, este c\u00f3nclave ecol\u00f3gico congregar\u00e1 a m\u00e1s de 1,200 participantes de 120 pa\u00edses y, por su trascendencia internacional, ha sido declarado de inter\u00e9s nacional por el Gobierno Peruano.<\/p>\n<p style=\"text-align: justify;\">Este importante encuentro entre los Comit\u00e9s del Programa El Hombre y la Biosfera (MAB) y los expertos directamente involucrados en la gesti\u00f3n de las reservas de biosfera es organizado por el Ministerio del Ambiente y el Servicio Nacional de \u00c1reas Naturales Protegidas por el Estado (Sernanp), en coordinaci\u00f3n con la Unesco.<\/p>\n<p style=\"text-align: justify;\">El ministro del Ambiente, Manuel Pulgar Vidal, destac\u00f3 que este IV Congreso Mundial de Reservas de Bi\u00f3sfera no solo reafirma la capacidad del Per\u00fa como centro importante para realizar convenciones de alto nivel, sino tambi\u00e9n proyectar\u00e1 un mensaje positivo al mundo al establecer la Declaraci\u00f3n y el Plan de Acci\u00f3n de Lima que plantea un nuevo desaf\u00edo en la gesti\u00f3n de las reservas de biosfera del mundo para los pr\u00f3ximos 10 a\u00f1os.(\u2026)<\/p>\n<p style=\"text-align: justify;\"><span style=\"color: #000080;\"><strong><em>IV Congreso<\/em><\/strong><\/span><\/p>\n<p style=\"text-align: justify;\">Durante el IV Congreso Mundial de Reservas de Biosfera se debatir\u00e1n y acordar\u00e1n lineamientos y estrategias en temas relacionados al Cambio Clim\u00e1tico, la educaci\u00f3n para el desarrollo sostenible, la viabilidad econ\u00f3mica de sistemas de protecci\u00f3n de la naturaleza, as\u00ed como el uso sostenible y la protecci\u00f3n de los recursos naturales.<\/p>\n<p style=\"text-align: justify;\">De igual manera, este importante evento ser\u00e1 la oportunidad para que el Per\u00fa presente la propuesta de creaci\u00f3n de la nueva Reserva de Biosfera del Gran Pajat\u00e9n, iniciativa impulsada por el Sernanp y autoridades de ocho provincias de los departamentos de San Mart\u00edn, La Libertad y Amazonas; y que tendr\u00e1 como zona n\u00facleo el Parque Nacional del R\u00edo Abiseo, as\u00ed como la ampliaci\u00f3n de la Reserva de Biosfera Noroeste.<\/p>\n<p style=\"text-align: justify;\">Como resultado de este trabajo se prev\u00e9 elaborar la Declaraci\u00f3n y el Plan de Acci\u00f3n de Lima 2016-2025, documento orientador que servir\u00e1 como gu\u00eda para los pr\u00f3ximos 10 a\u00f1os en materia de manejo y gesti\u00f3n de reservas de bi\u00f3sfera.<\/p>\n<p>&nbsp;<\/p>\n","protected":false},"excerpt":{"rendered":"<p>\u00a022\/02\/2016\/ Lima.- \u00a0Per\u00fa se convertir\u00e1, en marzo pr\u00f3ximo, en el primer pa\u00eds de Am\u00e9rica Latina en ser sede del Congreso Mundial de Reservas de Biosfera, uno de los eventos m\u00e1s importantes en materia de conservaci\u00f3n de biodiversidad y desarrollo sostenible. En su cuarta edici\u00f3n, este c\u00f3nclave ecol\u00f3gico congregar\u00e1 a m\u00e1s de 1,200 participantes de 120 pa\u00edses y, por su trascendencia internacional, ha sido declarado de inter\u00e9s nacional por el Gobierno Peruano. Este importante encuentro entre los Comit\u00e9s del Programa El Hombre y la Biosfera (MAB) y los expertos directamente involucrados en la gesti\u00f3n de las reservas de biosfera es organizado&#8230;<\/p>\n","protected":false},"author":1,"featured_media":20363,"comment_status":"open","ping_status":"open","sticky":false,"template":"","format":"standard","meta":{"footnotes":""},"categories":[4,82],"tags":[6063,321,2779,340,749],"class_list":["post-20362","post","type-post","status-publish","format-standard","has-post-thumbnail","hentry","category-breaking-news","category-nacionales","tag-iv-congreso-mundial-de-reservas-de-biosfera","tag-lima","tag-manuel-pulgar-vidal","tag-peru","tag-turistamagazine"],"_links":{"self":[{"href":"https:\/\/www.turistamagazine.com\/v2\/index.php?rest_route=\/wp\/v2\/posts\/20362","targetHints":{"allow":["GET"]}}],"collection":[{"href":"https:\/\/www.turistamagazine.com\/v2\/index.php?rest_route=\/wp\/v2\/posts"}],"about":[{"href":"https:\/\/www.turistamagazine.com\/v2\/index.php?rest_route=\/wp\/v2\/types\/post"}],"author":[{"embeddable":true,"href":"https:\/\/www.turistamagazine.com\/v2\/index.php?rest_route=\/wp\/v2\/users\/1"}],"replies":[{"embeddable":true,"href":"https:\/\/www.turistamagazine.com\/v2\/index.php?rest_route=%2Fwp%2Fv2%2Fcomments&post=20362"}],"version-history":[{"count":3,"href":"https:\/\/www.turistamagazine.com\/v2\/index.php?rest_route=\/wp\/v2\/posts\/20362\/revisions"}],"predecessor-version":[{"id":20366,"href":"https:\/\/www.turistamagazine.com\/v2\/index.php?rest_route=\/wp\/v2\/posts\/20362\/revisions\/20366"}],"wp:featuredmedia":[{"embeddable":true,"href":"https:\/\/www.turistamagazine.com\/v2\/index.php?rest_route=\/wp\/v2\/media\/20363"}],"wp:attachment":[{"href":"https:\/\/www.turistamagazine.com\/v2\/index.php?rest_route=%2Fwp%2Fv2%2Fmedia&parent=20362"}],"wp:term":[{"taxonomy":"category","embeddable":true,"href":"https:\/\/www.turistamagazine.com\/v2\/index.php?rest_route=%2Fwp%2Fv2%2Fcategories&post=20362"},{"taxonomy":"post_tag","embeddable":true,"href":"https:\/\/www.turistamagazine.com\/v2\/index.php?rest_route=%2Fwp%2Fv2%2Ftags&post=20362"}],"curies":[{"name":"wp","href":"https:\/\/api.w.org\/{rel}","templated":true}]}}