{"id":2004,"date":"2014-02-22T09:26:44","date_gmt":"2014-02-22T14:26:44","guid":{"rendered":"http:\/\/www.turistamagazine.com\/v2\/?p=2004"},"modified":"2014-02-22T09:39:17","modified_gmt":"2014-02-22T14:39:17","slug":"peru-tiene-reto-de-establecer-agenda-de-cambio-climatico-en-cop-20","status":"publish","type":"post","link":"https:\/\/www.turistamagazine.com\/v2\/?p=2004","title":{"rendered":"PER\u00da TIENE RETO DE ESTABLECER AGENDA DE CAMBIO CLIM\u00c1TICO EN COP 20"},"content":{"rendered":"<p style=\"text-align: justify;\">Lima.- \u00a0Per\u00fa tiene el reto de establecer una agenda sobre el cuidado del ambiente durante la Conferencia de la Convenci\u00f3n de las Naciones Unidas para el Cambio Clim\u00e1tico (COP20), afirm\u00f3 la jefa de la delegaci\u00f3n de la Uni\u00f3n Europea (UE) en Lima, Irene Horejs.<\/p>\n<p style=\"text-align: justify;\">Mencion\u00f3 que en Europa las medidas para cuidar el medioambiente son un tema prioritario y un valor \u201canclado\u201d en la idiosincrasia de los ciudadanos europeos porque resguardan los paisajes y ciudades verdes.<\/p>\n<p style=\"text-align: justify;\">\u201cEl reto est\u00e1 all\u00ed y es una oportunidad para el Per\u00fa de implementar la propia agenda de cambio clim\u00e1tico y medioambiente. Es una tarea de vital importancia para todos los peruanos\u201d, declar\u00f3 funcionaria internacional, a TV Andina.<\/p>\n<p style=\"text-align: justify;\">La diplom\u00e1tica resalt\u00f3 que la COP20 ser\u00e1 el evento m\u00e1s grande que Per\u00fa jam\u00e1s haya tenido en una cita de car\u00e1cter internacional, sobre todo porque llegar\u00e1n a Lima m\u00e1s de 15,000 personas durante los d\u00edas que tendr\u00e1 el encuentro.<\/p>\n<p style=\"text-align: justify;\">El evento se desarrollar\u00e1 del 1 al 12 de diciembre en la capital peruana, donde se dar\u00e1n cita 198 delegaciones, entre gubernamentales, empresariales y de la sociedad civil.<\/p>\n<p style=\"text-align: justify;\">Al respecto, la embajadora Horejs coment\u00f3 que todos los pa\u00edses y organizaciones participantes tienen \u201clos ojos puestos\u201d en la Presidencia del Per\u00fa, a prop\u00f3sito de este encuentro internacional.<\/p>\n<p style=\"text-align: justify;\">\u201cNosotros estamos muy focalizados sobre la presidencia peruana porque tiene que preparar un nuevo acuerdo de cambio clim\u00e1tico a nivel mundial, que se pretende suscribir en Par\u00eds en 2015\u201d, manifest\u00f3.<\/p>\n<p style=\"text-align: justify;\">Agreg\u00f3 que la responsabilidad peruana es grande en el hospedaje de miles de participantes, pero sobre todo, en la manera de lograr el consenso de las diferentes posiciones que tienen las naciones en torno al cambio clim\u00e1tico.<\/p>\n<p style=\"text-align: justify;\">\u201cEl equipo negociador peruano tiene que viajar y ver c\u00f3mo pone en conjunto las distintas posturas, y as\u00ed concluir con un preacuerdo en el que los pa\u00edses se comprometan a ciertas medidas de mitigaci\u00f3n, de reducci\u00f3n de emisiones, y otros\u201d, sostuvo.<\/p>\n<p style=\"text-align: justify;\">Remarc\u00f3, adem\u00e1s, que el Per\u00fa es uno de los pa\u00edses m\u00e1s interesados en lograr un acuerdo porque el cambio clim\u00e1tico se ha vuelto una amenaza real, como a los glaciares de los Andes, por ejemplo.<\/p>\n<p style=\"text-align: justify;\">F\/ Andina<\/p>\n","protected":false},"excerpt":{"rendered":"<p>Lima.- \u00a0Per\u00fa tiene el reto de establecer una agenda sobre el cuidado del ambiente durante la Conferencia de la Convenci\u00f3n de las Naciones Unidas para el Cambio Clim\u00e1tico (COP20), afirm\u00f3 la jefa de la delegaci\u00f3n de la Uni\u00f3n Europea (UE) en Lima, Irene Horejs. Mencion\u00f3 que en Europa las medidas para cuidar el medioambiente son un tema prioritario y un valor \u201canclado\u201d en la idiosincrasia de los ciudadanos europeos porque resguardan los paisajes y ciudades verdes. \u201cEl reto est\u00e1 all\u00ed y es una oportunidad para el Per\u00fa de implementar la propia agenda de cambio clim\u00e1tico y medioambiente. Es una tarea&#8230;<\/p>\n","protected":false},"author":1,"featured_media":0,"comment_status":"open","ping_status":"open","sticky":false,"template":"","format":"standard","meta":{"footnotes":""},"categories":[4,82],"tags":[661,660,662,321,340,117],"class_list":["post-2004","post","type-post","status-publish","format-standard","hentry","category-breaking-news","category-nacionales","tag-convencion-de-las-naciones-unidas-para-el-cambio-climatico","tag-cop20","tag-irene-horejs","tag-lima","tag-peru","tag-promocion-turistica"],"_links":{"self":[{"href":"https:\/\/www.turistamagazine.com\/v2\/index.php?rest_route=\/wp\/v2\/posts\/2004","targetHints":{"allow":["GET"]}}],"collection":[{"href":"https:\/\/www.turistamagazine.com\/v2\/index.php?rest_route=\/wp\/v2\/posts"}],"about":[{"href":"https:\/\/www.turistamagazine.com\/v2\/index.php?rest_route=\/wp\/v2\/types\/post"}],"author":[{"embeddable":true,"href":"https:\/\/www.turistamagazine.com\/v2\/index.php?rest_route=\/wp\/v2\/users\/1"}],"replies":[{"embeddable":true,"href":"https:\/\/www.turistamagazine.com\/v2\/index.php?rest_route=%2Fwp%2Fv2%2Fcomments&post=2004"}],"version-history":[{"count":5,"href":"https:\/\/www.turistamagazine.com\/v2\/index.php?rest_route=\/wp\/v2\/posts\/2004\/revisions"}],"predecessor-version":[{"id":2018,"href":"https:\/\/www.turistamagazine.com\/v2\/index.php?rest_route=\/wp\/v2\/posts\/2004\/revisions\/2018"}],"wp:attachment":[{"href":"https:\/\/www.turistamagazine.com\/v2\/index.php?rest_route=%2Fwp%2Fv2%2Fmedia&parent=2004"}],"wp:term":[{"taxonomy":"category","embeddable":true,"href":"https:\/\/www.turistamagazine.com\/v2\/index.php?rest_route=%2Fwp%2Fv2%2Fcategories&post=2004"},{"taxonomy":"post_tag","embeddable":true,"href":"https:\/\/www.turistamagazine.com\/v2\/index.php?rest_route=%2Fwp%2Fv2%2Ftags&post=2004"}],"curies":[{"name":"wp","href":"https:\/\/api.w.org\/{rel}","templated":true}]}}