{"id":20036,"date":"2016-02-10T21:00:17","date_gmt":"2016-02-11T02:00:17","guid":{"rendered":"http:\/\/www.turistamagazine.com\/v2\/?p=20036"},"modified":"2016-02-10T21:00:17","modified_gmt":"2016-02-11T02:00:17","slug":"el-turismo-de-experiencias-ha-muerto","status":"publish","type":"post","link":"https:\/\/www.turistamagazine.com\/v2\/?p=20036","title":{"rendered":"EL TURISMO DE EXPERIENCIAS HA MUERTO"},"content":{"rendered":"<p style=\"text-align: center;\"><strong><em><span style=\"color: #000080;\">El concepto ha perdido valor tras haber sido sobreexplotado<\/span><\/em><\/strong><\/p>\n<p style=\"text-align: justify;\">\u00a0P. Xavier Canalis*<\/p>\n<p style=\"text-align: justify;\">11\/02\/2016 Espa\u00f1a .- El turismo de experiencias ha muerto. Entre todos lo hemos matado. Causas del fallecimiento: sobredosis y abuso del t\u00e9rmino. En realidad, el concepto fue mal utilizado desde el principio. Hemos estado mirando al dedo <span style=\"color: #000080;\"><strong><em>-las experiencias-<\/em><\/strong><\/span> en lugar de fijarnos hacia d\u00f3nde apuntaba<strong><em>: <span style=\"color: #000080;\">las emociones<\/span><\/em><\/strong><span style=\"color: #000080;\">.<\/span><\/p>\n<p style=\"text-align: justify;\">Y es que seg\u00fan apunta David Mora, consultor y profesor de Turismo, <span style=\"color: #000080;\"><strong><em>\u201clas experiencias son el medio para alcanzar las emociones\u201d.<\/em><\/strong><\/span><\/p>\n<p style=\"text-align: justify;\">Jaime Le\u00f3n Andr\u00e9s, ex directivo en Tui Spain y en la actualidad agente de viajes especializado en la creaci\u00f3n de paquetes tur\u00edsticos, confirma el diagn\u00f3stico: <span style=\"color: #000080;\"><strong><em>\u201cEstamos en una segunda fase , que es el turismo de emociones\u201d.<\/em><\/strong><\/span><\/p>\n<p style=\"text-align: justify;\">Lo cierto es que en los \u00faltimos a\u00f1os la palabra <span style=\"color: #000080;\"><strong><em>\u201cexperiencias<\/em><\/strong>\u201d<\/span> ha acabado convirti\u00e9ndose en un eslogan comercial cada vez m\u00e1s trillado en el mercado tur\u00edstico.<\/p>\n<p style=\"text-align: justify;\">Quiz\u00e1 porque destinos y empresas tur\u00edsticas vieron en este recurso un concepto de moda que pod\u00eda ayudarles a diferenciarse de la competencia.<\/p>\n<p style=\"text-align: justify;\"><strong><em><span style=\"color: #000080;\">\u201cSi una vivencia tur\u00edstica no es algo novedoso, positivo, placentero y que logra erigirse en un recuerdo indeleble en nuestra memoria, no podr\u00eda considerarse, en mi opini\u00f3n, una aut\u00e9ntica experiencia\u201d<\/span>,<\/em><\/strong> indica David Mora.<\/p>\n<p style=\"text-align: justify;\">\u201cPor desgracia, el concepto \u201cexperiencial\u201d ha sido triturado por las t\u00e9cnicas publicitarias. Hoy en d\u00eda, no hay producto o servicio que no se trate de vender como una \u201cexperiencia \u00fanica\u201d. Un paquete de fin de semana en r\u00e9gimen de alojamiento y desayuno, con cena rom\u00e1ntica y acceso a un spa no constituir\u00eda una experiencia memorable, por mucho que nos empe\u00f1emos en poner la palabra \u201cexperiencia\u201d en folletos y web\u201d, insiste este experto, creador de la web emoturismo.com.<\/p>\n<p style=\"text-align: justify;\">Y en cualquier caso, a\u00f1ade David Mora, <span style=\"color: #000080;\"><strong><em>\u201ctoda actividad tur\u00edstica puede ser experiencial si la dise\u00f1amos desde el an\u00e1lisis de las emociones que generar\u00e1n en el cliente\u201d.<\/em><\/strong><\/span><\/p>\n<p style=\"text-align: justify;\">Incluso el producto por excelencia de la industria tur\u00edstica espa\u00f1ola, el sol y playa, tambi\u00e9n deber\u00eda ser redise\u00f1ado bajo este prisma para que sea <strong><em>\u201cmemorable\u201d.<\/em><\/strong><\/p>\n<p style=\"text-align: justify;\">\u00bfC\u00f3mo? Buscando \u201cnuevas interacciones que el visitante tenga con el destino: oferta complementaria, m\u00fasica ambiente, tematizaci\u00f3n, iluminaci\u00f3n, olores, etc\u201d.<\/p>\n<p style=\"text-align: justify;\">\u00a0<span style=\"color: #000080;\"><strong><em>Y \u00a0sabores agregar\u00edamos nosotros, ya que la gastronom\u00eda es parte de la experiencia y la emoci\u00f3n del disfrute sensorial del gusto\u2026<\/em><\/strong><\/span><\/p>\n<p style=\"text-align: justify;\">Pero la creaci\u00f3n de vivencias que nos alejan de lo cotidiano para transformarse en recuerdos memorables no es algo f\u00e1cil.<\/p>\n<p style=\"text-align: justify;\">Incluso el profesor en psicolog\u00eda Mih\u00e1ly Cs\u00edkszentmih\u00e1lyi, una de las referencias en esta \u00e1rea con sus estudios sobre <strong><em><span style=\"color: #000080;\">\u201cLa psicolog\u00eda de la experiencia \u00f3ptima\u201d<\/span>,<\/em><\/strong> habla sobre la importancia de crear experiencias provistas de un <span style=\"color: #000080;\"><strong><em>\u201csentido de alegr\u00eda\u201d<\/em><\/strong> <\/span>y una sensaci\u00f3n de disfrute para que perduren en la memoria.<\/p>\n<p style=\"text-align: justify;\">Este acad\u00e9mico ha teorizado tambi\u00e9n sobre el concepto <span style=\"color: #000080;\"><strong><em>\u201cflow\u201d<\/em><\/strong><\/span> (caudal, en ingl\u00e9s) que, \u201csimplificando mucho, ser\u00eda cuando se nos pasa el tiempo volando casi sin enterarnos cuando estamos haciendo algo que nos gusta mucho\u201d, expone David Mora.<\/p>\n<p style=\"text-align: justify;\"><span style=\"color: #000080;\"><strong><em>Destinos con un relato<\/em><\/strong><\/span><\/p>\n<p style=\"text-align: justify;\">Algunos destinos y operadores tur\u00edsticos han querido llevar de la teor\u00eda a la pr\u00e1ctica estos planteamientos, desarrollando nuevos productos que despiertan emociones intensas y casi inmediatas.<\/p>\n<p style=\"text-align: justify;\"><span style=\"color: #000080;\"><strong><em>Por ejemplo, en M\u00e1laga ha sido todo un \u00e9xito -a los pocos meses de inaugurarse- el sendero conocido como Caminito del Rey, que ofrece el gancho de haber sido \u201cuno de los caminos m\u00e1s peligrosos del mundo\u201d en un paisaje de v\u00e9rtigo, con una gran historia de fondo detr\u00e1s.<\/em><\/strong><\/span><\/p>\n<p style=\"text-align: justify;\">Tambi\u00e9n est\u00e1n teniendo una gran repercusi\u00f3n en medios de comunicaci\u00f3n y redes sociales otras pasarelas y puentes que se asoman a precipicios en plena naturaleza, atracciones que responder\u00edan a la f\u00f3rmula del <strong><em><span style=\"color: #000080;\">\u201cturismo del v\u00e9rtigo\u201d<\/span>.<\/em><\/strong><\/p>\n<p style=\"text-align: justify;\">\u201cEstamos en una segunda fase, que es el turismo de emociones, cuando el viajero se emociona ante un territorio, un momento m\u00e1gico o una actividad que dif\u00edcilmente va a poder repetir si no va acompa\u00f1ada de unas personas determinadas\u201d, explica el profesional tur\u00edstico Jaime Le\u00f3n.<\/p>\n<p style=\"text-align: justify;\">Su agencia de viajes, por ejemplo, ha creado un paquete tur\u00edstico donde los participantes, con la ayuda de los Bomberos, llevan a cabo un rastreo por la monta\u00f1a en pos de una leyenda local.<\/p>\n<p style=\"text-align: justify;\"><span style=\"color: #000080;\"><strong><em>El objetivo es encontrar una estatuilla que desapareci\u00f3 durante la Guerra Civil, el Pastoret de Vilanova de la Sal. La b\u00fasqueda es real pero siguen sin localizar esa reliquia hist\u00f3rica.<\/em><\/strong><\/span><\/p>\n<p style=\"text-align: justify;\">\u201cLos viajes deben ser propuestas para sentir emociones. El participante piensa que dif\u00edcilmente podr\u00e1 repetir exactamente esa misma experiencia y que ha sido privilegiado de una manera especial\u201d.<\/p>\n<p style=\"text-align: justify;\">\u00bfSer\u00e1 el turismo de emociones una de las tendencias emergentes del turismo en 2016? David Mora cree que s\u00ed. <strong><em><span style=\"color: #000080;\">\u201cLos turistas huyen desde hace a\u00f1os de los lugares comunes y de los destinos indeterminados. Y los m\u00faltiples an\u00e1lisis que se han realizado sobre los Millennials, por ejemplo, respaldan esta tendencia que deber\u00eda convertirse en norma\u201d.<\/span><\/em><\/strong><\/p>\n<p style=\"text-align: justify;\"><strong><em>\u00a0<span style=\"color: #000080;\">Muy interesante este art\u00edculo escrito por\u00a0 Xavier Canalis ,de una nueva modalidad de turismo. Naturalmente los Millennials, ser\u00edan los principales consumidores de este turismo, de emociones y muy fuertes<\/span><\/em><\/strong><\/p>\n<p style=\"text-align: justify;\">*Hosteltur<\/p>\n","protected":false},"excerpt":{"rendered":"<p>El concepto ha perdido valor tras haber sido sobreexplotado \u00a0P. Xavier Canalis* 11\/02\/2016 Espa\u00f1a .- El turismo de experiencias ha muerto. Entre todos lo hemos matado. Causas del fallecimiento: sobredosis y abuso del t\u00e9rmino. En realidad, el concepto fue mal utilizado desde el principio. Hemos estado mirando al dedo -las experiencias- en lugar de fijarnos hacia d\u00f3nde apuntaba: las emociones. Y es que seg\u00fan apunta David Mora, consultor y profesor de Turismo, \u201clas experiencias son el medio para alcanzar las emociones\u201d. Jaime Le\u00f3n Andr\u00e9s, ex directivo en Tui Spain y en la actualidad agente de viajes especializado en la creaci\u00f3n&#8230;<\/p>\n","protected":false},"author":1,"featured_media":20037,"comment_status":"open","ping_status":"open","sticky":false,"template":"","format":"standard","meta":{"footnotes":""},"categories":[87],"tags":[3839,3403,99,489,6005,5492,481],"class_list":["post-20036","post","type-post","status-publish","format-standard","has-post-thumbnail","hentry","category-actualidad","tag-turista-magazine-destinos","tag-david-mora","tag-elenita-villar","tag-millennials","tag-turismo-de-emociones","tag-ver-todos-turistamagazine","tag-xavier-canalis"],"_links":{"self":[{"href":"https:\/\/www.turistamagazine.com\/v2\/index.php?rest_route=\/wp\/v2\/posts\/20036","targetHints":{"allow":["GET"]}}],"collection":[{"href":"https:\/\/www.turistamagazine.com\/v2\/index.php?rest_route=\/wp\/v2\/posts"}],"about":[{"href":"https:\/\/www.turistamagazine.com\/v2\/index.php?rest_route=\/wp\/v2\/types\/post"}],"author":[{"embeddable":true,"href":"https:\/\/www.turistamagazine.com\/v2\/index.php?rest_route=\/wp\/v2\/users\/1"}],"replies":[{"embeddable":true,"href":"https:\/\/www.turistamagazine.com\/v2\/index.php?rest_route=%2Fwp%2Fv2%2Fcomments&post=20036"}],"version-history":[{"count":3,"href":"https:\/\/www.turistamagazine.com\/v2\/index.php?rest_route=\/wp\/v2\/posts\/20036\/revisions"}],"predecessor-version":[{"id":20040,"href":"https:\/\/www.turistamagazine.com\/v2\/index.php?rest_route=\/wp\/v2\/posts\/20036\/revisions\/20040"}],"wp:featuredmedia":[{"embeddable":true,"href":"https:\/\/www.turistamagazine.com\/v2\/index.php?rest_route=\/wp\/v2\/media\/20037"}],"wp:attachment":[{"href":"https:\/\/www.turistamagazine.com\/v2\/index.php?rest_route=%2Fwp%2Fv2%2Fmedia&parent=20036"}],"wp:term":[{"taxonomy":"category","embeddable":true,"href":"https:\/\/www.turistamagazine.com\/v2\/index.php?rest_route=%2Fwp%2Fv2%2Fcategories&post=20036"},{"taxonomy":"post_tag","embeddable":true,"href":"https:\/\/www.turistamagazine.com\/v2\/index.php?rest_route=%2Fwp%2Fv2%2Ftags&post=20036"}],"curies":[{"name":"wp","href":"https:\/\/api.w.org\/{rel}","templated":true}]}}