{"id":1985,"date":"2014-02-21T10:35:13","date_gmt":"2014-02-21T15:35:13","guid":{"rendered":"http:\/\/www.turistamagazine.com\/v2\/?p=1985"},"modified":"2014-02-21T10:35:13","modified_gmt":"2014-02-21T15:35:13","slug":"peru-killary-estoy-con-el-corazon-en-la-mano-por-el-peru-en-vina-del-mar","status":"publish","type":"post","link":"https:\/\/www.turistamagazine.com\/v2\/?p=1985","title":{"rendered":"PERU : KILLARY \u00abESTOY CON EL CORAZ\u00d3N EN LA MANO POR EL PER\u00da EN VI\u00d1A DEL MAR\u201d"},"content":{"rendered":"<p style=\"text-align: justify;\">Lima.- \u00a0Killary, nuestra representante en la competencia folcl\u00f3rica en \u00abVi\u00f1a del Mar 2014, confes\u00f3 sentirse \u00abcon el coraz\u00f3n en la mano y lleno de tanta emoci\u00f3n que prometo dar lo mejor de m\u00ed, por ti , por nuestra gente, por nuestra m\u00fasica y por nuestras ra\u00edces\u00bb.<\/p>\n<p style=\"text-align: justify;\">As\u00ed escribe Killary por su cuenta en la red social facebook, donde adem\u00e1s coment\u00f3 que ya realiz\u00f3 su primera prueba de sonido en el escenario que la presentar\u00e1 ante el Mounstruo de la Quinta Vergara en el \u00abFestival de Vi\u00f1a del Mar\u00bb.<\/p>\n<p style=\"text-align: justify;\">\u00a0\u00abEl primer ensayo con sonido y seguimos adelante con la mirada al frente y un \u00abHuaynito para cantar\u00bb en la voz y en el coraz\u00f3n\u00bb, escribe, en un alto a su trabajo en Chile.<\/p>\n<p style=\"text-align: justify;\">\u00a0Killary brind\u00f3 una singular entrevista d\u00edas antes de partir.\u00a0 Aqu\u00ed se la compartimos.<\/p>\n<p style=\"text-align: justify;\">\u00a0Viajas a Vi\u00f1a, luego del fallo de la Haya, \u00bfc\u00f3mo lo est\u00e1s viviendo?<\/p>\n<p style=\"text-align: justify;\">\u00a0Justo comentaba con un amigo que iba a hacer una presentaci\u00f3n hist\u00f3rica para m\u00ed vida, lo siento y veo como algo que nunca me va a volver a pasar. Hay muchas emociones encontradas, pero me gusta este momento.<\/p>\n<p style=\"text-align: justify;\">\u00a0-\u00bfC\u00f3mo te sentiste cuando te dieron la noticia que eras la elegida?<\/p>\n<p style=\"text-align: justify;\">Me quede bastante impactada,\u00a0 negar que no salte un buen rato es imposible pero fue una buena noticia que me dej\u00f3 impresionada. Hab\u00eda mandado el tema dos meses antes y de un momento a otro lleg\u00f3 la respuesta.<\/p>\n<p style=\"text-align: justify;\">\u00a0-Ya te imaginaste c\u00f3mo ser\u00e1 cuando subas al escenario<\/p>\n<p style=\"text-align: justify;\">S\u00ed, me lo he imaginado tantas veces y ahora va a pasar. Lo he pensado bastante y estoy tratando de ver este festival como una muestra de lo que es el Per\u00fa como m\u00fasica.<\/p>\n<p style=\"text-align: justify;\">\u00a0Killary nos representar\u00e1 en el Festival de Vi\u00f1a del Mar interpretando el tema \u00abHuaynito para cantar\u00bb y confiesa que el tema la tiene extasiada.<\/p>\n<p style=\"text-align: justify;\">\u00a0\u00abLa canci\u00f3n es del segundo \u00e1lbum que tengo que se llama \u00abOr\u00edgenes\u00bb y este tema es de un compositor que se llama Percy \u201cEl Chete\u201d Navarro que es amigo de mi pap\u00e1. El viajo a Venecia hace unos 30 a\u00f1os y yo, por esas casualidades, lo encuentro en Majes en una de esas reuniones familiares\u00bb, explica Killary.<\/p>\n<p style=\"text-align: justify;\">\u00a0\u00abEntonces comienza a cantar huaynitos y otras canciones que son partes de mi disco y es ah\u00ed donde me enamoro de las canciones. Es\u00a0 ah\u00ed cuando sale el lado interpretativo , cuando tu escuchas una canci\u00f3n y dices esa es m\u00eda\u00bb.<\/p>\n<p style=\"text-align: justify;\">F\/ Andina<\/p>\n","protected":false},"excerpt":{"rendered":"<p>Lima.- \u00a0Killary, nuestra representante en la competencia folcl\u00f3rica en \u00abVi\u00f1a del Mar 2014, confes\u00f3 sentirse \u00abcon el coraz\u00f3n en la mano y lleno de tanta emoci\u00f3n que prometo dar lo mejor de m\u00ed, por ti , por nuestra gente, por nuestra m\u00fasica y por nuestras ra\u00edces\u00bb. As\u00ed escribe Killary por su cuenta en la red social facebook, donde adem\u00e1s coment\u00f3 que ya realiz\u00f3 su primera prueba de sonido en el escenario que la presentar\u00e1 ante el Mounstruo de la Quinta Vergara en el \u00abFestival de Vi\u00f1a del Mar\u00bb. \u00a0\u00abEl primer ensayo con sonido y seguimos adelante con la mirada al&#8230;<\/p>\n","protected":false},"author":1,"featured_media":0,"comment_status":"open","ping_status":"open","sticky":false,"template":"","format":"standard","meta":{"footnotes":""},"categories":[4,82],"tags":[653,161,654,652],"class_list":["post-1985","post","type-post","status-publish","format-standard","hentry","category-breaking-news","category-nacionales","tag-killary","tag-peru-y-chile","tag-quinta-vergara","tag-vina-del-mar-2014"],"_links":{"self":[{"href":"https:\/\/www.turistamagazine.com\/v2\/index.php?rest_route=\/wp\/v2\/posts\/1985","targetHints":{"allow":["GET"]}}],"collection":[{"href":"https:\/\/www.turistamagazine.com\/v2\/index.php?rest_route=\/wp\/v2\/posts"}],"about":[{"href":"https:\/\/www.turistamagazine.com\/v2\/index.php?rest_route=\/wp\/v2\/types\/post"}],"author":[{"embeddable":true,"href":"https:\/\/www.turistamagazine.com\/v2\/index.php?rest_route=\/wp\/v2\/users\/1"}],"replies":[{"embeddable":true,"href":"https:\/\/www.turistamagazine.com\/v2\/index.php?rest_route=%2Fwp%2Fv2%2Fcomments&post=1985"}],"version-history":[{"count":2,"href":"https:\/\/www.turistamagazine.com\/v2\/index.php?rest_route=\/wp\/v2\/posts\/1985\/revisions"}],"predecessor-version":[{"id":1987,"href":"https:\/\/www.turistamagazine.com\/v2\/index.php?rest_route=\/wp\/v2\/posts\/1985\/revisions\/1987"}],"wp:attachment":[{"href":"https:\/\/www.turistamagazine.com\/v2\/index.php?rest_route=%2Fwp%2Fv2%2Fmedia&parent=1985"}],"wp:term":[{"taxonomy":"category","embeddable":true,"href":"https:\/\/www.turistamagazine.com\/v2\/index.php?rest_route=%2Fwp%2Fv2%2Fcategories&post=1985"},{"taxonomy":"post_tag","embeddable":true,"href":"https:\/\/www.turistamagazine.com\/v2\/index.php?rest_route=%2Fwp%2Fv2%2Ftags&post=1985"}],"curies":[{"name":"wp","href":"https:\/\/api.w.org\/{rel}","templated":true}]}}