{"id":19743,"date":"2016-01-28T09:27:36","date_gmt":"2016-01-28T14:27:36","guid":{"rendered":"http:\/\/www.turistamagazine.com\/v2\/?p=19743"},"modified":"2016-01-28T09:31:47","modified_gmt":"2016-01-28T14:31:47","slug":"zana-listo-para-primer-festival-de-musica-afro-con-artistas-de-ee-uu","status":"publish","type":"post","link":"https:\/\/www.turistamagazine.com\/v2\/?p=19743","title":{"rendered":"ZA\u00d1A LISTO PARA PRIMER FESTIVAL DE M\u00daSICA AFRO CON ARTISTAS DE EE UU"},"content":{"rendered":"<p style=\"text-align: justify;\">\u00a028\/01\/2016.- El distrito de Za\u00f1a, ubicado en la provincia de Chiclayo, regi\u00f3n Lambayeque, ultima detalles para el primer festival internacional de m\u00fasica afroamericana que se realizar\u00e1 el 2 de febrero con la participaci\u00f3n de artistas de diversos pa\u00edses, se inform\u00f3.<\/p>\n<p style=\"text-align: justify;\">La actividad es organizada por el Museo Afroperuano de Za\u00f1a, con el auspicio de la embajada de los Estados Unidos. En el festival se anunci\u00f3 la presentaci\u00f3n del Coro de la Universidad de Howard, integrado por quince artistas.<\/p>\n<p style=\"text-align: justify;\">Este coro interpretar\u00e1 la tradicional m\u00fasica religiosa G\u00f3spel, que tiene sus ra\u00edces en la presencia de afrodescendientes en el siglo XVIII en los Estados Unidos y se apreciar\u00e1 en todo su esplendor por primera vez en Za\u00f1a.<\/p>\n<p style=\"text-align: justify;\">En esta jornada cultural que se realiza en el marco del Mes de la Historia Afro-Americana que se celebra en los Estados Unidos, participar\u00e1n delegaciones art\u00edsticas de Lima y de la costa norte del Per\u00fa. Ser\u00e1 una gran fiesta de hermandad e integraci\u00f3n cultural, inform\u00f3 la embajada estadounidense.<\/p>\n<p style=\"text-align: justify;\">\u00a0La jornada musical tiene tres partes:<\/p>\n<p style=\"text-align: justify;\">Entre las 11:00 a 13:00 horas se realizar\u00e1n talleres a cargo del Coro de la Universidad de Howard y del Grupo art\u00edstico AfroPer\u00fa en el auditorio del colegio Santo Toribio de Mogrovejo de Za\u00f1a.<\/p>\n<div id=\"attachment_19745\" style=\"width: 624px\" class=\"wp-caption aligncenter\"><a href=\"https:\/\/www.turistamagazine.com\/v2\/wp-content\/uploads\/2016\/01\/2.jpg\"><img decoding=\"async\" aria-describedby=\"caption-attachment-19745\" class=\" wp-image-19745 \" title=\"Coro de Howard University, AfroPer\u00fa, \" src=\"https:\/\/www.turistamagazine.com\/v2\/wp-content\/uploads\/2016\/01\/2-1024x649.jpg\" alt=\"\" width=\"614\" height=\"389\" srcset=\"https:\/\/www.turistamagazine.com\/v2\/wp-content\/uploads\/2016\/01\/2-1024x649.jpg 1024w, https:\/\/www.turistamagazine.com\/v2\/wp-content\/uploads\/2016\/01\/2-300x190.jpg 300w, https:\/\/www.turistamagazine.com\/v2\/wp-content\/uploads\/2016\/01\/2-661x420.jpg 661w, https:\/\/www.turistamagazine.com\/v2\/wp-content\/uploads\/2016\/01\/2-610x387.jpg 610w, https:\/\/www.turistamagazine.com\/v2\/wp-content\/uploads\/2016\/01\/2-158x100.jpg 158w, https:\/\/www.turistamagazine.com\/v2\/wp-content\/uploads\/2016\/01\/2.jpg 1800w\" sizes=\"(max-width: 614px) 100vw, 614px\" \/><\/a><p id=\"caption-attachment-19745\" class=\"wp-caption-text\">Coro de Howard University, AfroPer\u00fa,<\/p><\/div>\n<p style=\"text-align: justify;\">A las 17:30 horas se dar\u00e1 inicio al Concierto del Coro de la Universidad de Howard, con quince artistas en el escenario del atrio de la Parroquia Santo Toribio de Mogrovejo, en el Parque Principal de Za\u00f1a.<\/p>\n<p style=\"text-align: justify;\">Luego, a las 18:30 horas se presentar\u00e1 el destacado grupo AfroPer\u00fa, procedente de Lima con doce artistas.<\/p>\n<p style=\"text-align: justify;\">A las 20:00 horas se iniciar\u00e1 la Jarana de la Hermandad en el frontis del Museo Afroperuano de Za\u00f1a, en la que se compartir\u00e1 di\u00e1logo y m\u00fasica entre los visitantes del Coro de Howard University, AfroPer\u00fa, artistas de diversas regiones de nuestro pa\u00eds y las familias de Za\u00f1a.<\/p>\n<p style=\"text-align: justify;\">Ya confirmaron su presencia la delegaci\u00f3n de \u201cLa Catedral del Criollismo\u201d de Lima, que conduce Wendor Salgado, y delegaciones de los pueblos de Capote y Yapatera (Piura).<\/p>\n<p style=\"text-align: justify;\">El coro de la Universidad de Howard, ubicada en Washington D.C., ha realizado giras y logrado un gran reconocimiento en los Estados Unidos y Europa. El g\u00e9nero G\u00f3spel, que emergi\u00f3 en tiempos dif\u00edciles para los afrodescendientes, constituye uno de sus aportes m\u00e1s tradicionales en que las voces y palmas se transforman en mensajes del alma, a trav\u00e9s del canto y la palabra, que constituyen evocaciones de profundo sentimiento y armon\u00eda musical.<\/p>\n<p style=\"text-align: justify;\">La trascendencia de este concierto internacional es que gradualmente Za\u00f1a se consolida como uno de los principales espacios culturales de los pa\u00edses de la Regi\u00f3n Andina en el contexto del Decenio Internacional de los Afrodescendientes (2015-2024). De esta manera se fortalecen los lazos humanos y art\u00edsticos\u00a0 con los hermanos y hermanas afro-americanos.<\/p>\n<p style=\"text-align: justify;\">F\/ Andina<\/p>\n","protected":false},"excerpt":{"rendered":"<p>\u00a028\/01\/2016.- El distrito de Za\u00f1a, ubicado en la provincia de Chiclayo, regi\u00f3n Lambayeque, ultima detalles para el primer festival internacional de m\u00fasica afroamericana que se realizar\u00e1 el 2 de febrero con la participaci\u00f3n de artistas de diversos pa\u00edses, se inform\u00f3. La actividad es organizada por el Museo Afroperuano de Za\u00f1a, con el auspicio de la embajada de los Estados Unidos. En el festival se anunci\u00f3 la presentaci\u00f3n del Coro de la Universidad de Howard, integrado por quince artistas. Este coro interpretar\u00e1 la tradicional m\u00fasica religiosa G\u00f3spel, que tiene sus ra\u00edces en la presencia de afrodescendientes en el siglo XVIII en&#8230;<\/p>\n","protected":false},"author":1,"featured_media":19744,"comment_status":"open","ping_status":"open","sticky":false,"template":"","format":"standard","meta":{"footnotes":""},"categories":[4,82],"tags":[191,340,117,330,749,5950],"class_list":["post-19743","post","type-post","status-publish","format-standard","has-post-thumbnail","hentry","category-breaking-news","category-nacionales","tag-lambayeque","tag-peru","tag-promocion-turistica","tag-turismo-en-el-peru","tag-turistamagazine","tag-zana"],"_links":{"self":[{"href":"https:\/\/www.turistamagazine.com\/v2\/index.php?rest_route=\/wp\/v2\/posts\/19743","targetHints":{"allow":["GET"]}}],"collection":[{"href":"https:\/\/www.turistamagazine.com\/v2\/index.php?rest_route=\/wp\/v2\/posts"}],"about":[{"href":"https:\/\/www.turistamagazine.com\/v2\/index.php?rest_route=\/wp\/v2\/types\/post"}],"author":[{"embeddable":true,"href":"https:\/\/www.turistamagazine.com\/v2\/index.php?rest_route=\/wp\/v2\/users\/1"}],"replies":[{"embeddable":true,"href":"https:\/\/www.turistamagazine.com\/v2\/index.php?rest_route=%2Fwp%2Fv2%2Fcomments&post=19743"}],"version-history":[{"count":5,"href":"https:\/\/www.turistamagazine.com\/v2\/index.php?rest_route=\/wp\/v2\/posts\/19743\/revisions"}],"predecessor-version":[{"id":19749,"href":"https:\/\/www.turistamagazine.com\/v2\/index.php?rest_route=\/wp\/v2\/posts\/19743\/revisions\/19749"}],"wp:featuredmedia":[{"embeddable":true,"href":"https:\/\/www.turistamagazine.com\/v2\/index.php?rest_route=\/wp\/v2\/media\/19744"}],"wp:attachment":[{"href":"https:\/\/www.turistamagazine.com\/v2\/index.php?rest_route=%2Fwp%2Fv2%2Fmedia&parent=19743"}],"wp:term":[{"taxonomy":"category","embeddable":true,"href":"https:\/\/www.turistamagazine.com\/v2\/index.php?rest_route=%2Fwp%2Fv2%2Fcategories&post=19743"},{"taxonomy":"post_tag","embeddable":true,"href":"https:\/\/www.turistamagazine.com\/v2\/index.php?rest_route=%2Fwp%2Fv2%2Ftags&post=19743"}],"curies":[{"name":"wp","href":"https:\/\/api.w.org\/{rel}","templated":true}]}}