{"id":1965,"date":"2014-02-21T10:16:44","date_gmt":"2014-02-21T15:16:44","guid":{"rendered":"http:\/\/www.turistamagazine.com\/v2\/?p=1965"},"modified":"2014-02-21T10:16:44","modified_gmt":"2014-02-21T15:16:44","slug":"peru-mali-ultimos-dias-de-perder-la-forma-humana","status":"publish","type":"post","link":"https:\/\/www.turistamagazine.com\/v2\/?p=1965","title":{"rendered":"PERU: MALI \u00daLTIMOS D\u00cdAS DE \u00abPERDER LA FORMA HUMANA\u00bb"},"content":{"rendered":"<p style=\"text-align: justify;\">\u00a0Lima.- Este fin de semana no se pierdan las actividades por los \u00faltimos d\u00edas de la exposici\u00f3n \u00abPerder la forma humana. Una imagen s\u00edsmica de los a\u00f1os ochenta en Am\u00e9rica Latina\u00bb. El ingreso general al MALI ser\u00e1 de S\/. 1.00 el s\u00e1bado y el domingo, y ofreceremos adem\u00e1s actividades gratuitas:<\/p>\n<p style=\"text-align: justify;\"><strong>S\u00c1BADO 22 (de 10:00 h. a 18:00 h.)<\/strong><\/p>\n<p style=\"text-align: justify;\">Actividades gratuitas de 14:00 h. a 18:00 h.:<\/p>\n<p style=\"text-align: justify;\">Visitas guiadas a las exposiciones temporales* \u00abUn cuerpo ambulante. Sergio Zevallos en el Grupo Chaclacayo (1982-1994)\u00bb y \u00abPerder la forma humana\u00bb. [Recomendado para adultos].<\/p>\n<p style=\"text-align: justify;\">Programa \u201cEste es mi museo\u201d: recorrido guiado por los ambientes del MALI, explorando sus formas, s\u00edmbolos, estructura e historia [recomendado para familias y personas interesadas en conocer un poco m\u00e1s sobre el MALI].<\/p>\n<p style=\"text-align: justify;\">Talleres creativos con rompecabezas gigantes [para disfrutar en familia].<\/p>\n<p style=\"text-align: justify;\">16:00 h.: proyecci\u00f3n del bloque 3 &#8211; \u00abDesobediencias sexuales\u00bb, del ciclo de cine \u00abEl roce de los cuerpos\u00bb [mayores de 14 a\u00f1os], en el marco de la exposici\u00f3n \u00abPerder la forma humana\u00bb. Dzi Croquettes. Dirs. Tatiana Issa y Rafael \u00c1lvarez. Brasil, 2009, 110 min. Ingreso gratuito previa solicitud del ticket de cortes\u00eda en la boleter\u00eda MALI.<\/p>\n<p style=\"text-align: justify;\"><strong>DOMINGO 23 (de 10:00 a 20:00 h.) <\/strong><\/p>\n<p style=\"text-align: justify;\">De 14:00 a 18:00 h.: visitas guiadas a la exposici\u00f3n \u00abPerder la forma humana\u00bb*, en su \u00faltimo d\u00eda de exhibici\u00f3n [recomendado para adultos].<\/p>\n<p style=\"text-align: justify;\">16:00 h.: proyecci\u00f3n de 8 cortos de Argentina, Brasil y M\u00e9xico. Bloque 4 &#8211; \u00abDelirio permanente y otros experimentos \u00bb del ciclo de cine \u00abEl roce de los cuerpos\u00bb [mayores de 14 a\u00f1os]. Ingreso gratuito previa solicitud del ticket de cortes\u00eda en la boleter\u00eda MALI.<\/p>\n<p style=\"text-align: justify;\">Adem\u00e1s, de 9:00 h. a 20:00 h.: Gran muestra de arte y clausura de cursos de verano de las sedes temporales y La Molina.<\/p>\n<p style=\"text-align: justify;\">*<strong><em><span style=\"color: #000080;\">El contenido de estas exposiciones pueden herir la susceptibilidad del espectador. Los menores de edad solo podr\u00e1n ingresar a las salas acompa\u00f1ados de un adulto.<\/span><\/em><\/strong><\/p>\n","protected":false},"excerpt":{"rendered":"<p>\u00a0Lima.- Este fin de semana no se pierdan las actividades por los \u00faltimos d\u00edas de la exposici\u00f3n \u00abPerder la forma humana. Una imagen s\u00edsmica de los a\u00f1os ochenta en Am\u00e9rica Latina\u00bb. El ingreso general al MALI ser\u00e1 de S\/. 1.00 el s\u00e1bado y el domingo, y ofreceremos adem\u00e1s actividades gratuitas: S\u00c1BADO 22 (de 10:00 h. a 18:00 h.) Actividades gratuitas de 14:00 h. a 18:00 h.: Visitas guiadas a las exposiciones temporales* \u00abUn cuerpo ambulante. Sergio Zevallos en el Grupo Chaclacayo (1982-1994)\u00bb y \u00abPerder la forma humana\u00bb. [Recomendado para adultos]. Programa \u201cEste es mi museo\u201d: recorrido guiado por los ambientes&#8230;<\/p>\n","protected":false},"author":1,"featured_media":0,"comment_status":"open","ping_status":"open","sticky":false,"template":"","format":"standard","meta":{"footnotes":""},"categories":[4,82],"tags":[321,427,428],"class_list":["post-1965","post","type-post","status-publish","format-standard","hentry","category-breaking-news","category-nacionales","tag-lima","tag-mali","tag-museo-de-arte-de-lima"],"_links":{"self":[{"href":"https:\/\/www.turistamagazine.com\/v2\/index.php?rest_route=\/wp\/v2\/posts\/1965","targetHints":{"allow":["GET"]}}],"collection":[{"href":"https:\/\/www.turistamagazine.com\/v2\/index.php?rest_route=\/wp\/v2\/posts"}],"about":[{"href":"https:\/\/www.turistamagazine.com\/v2\/index.php?rest_route=\/wp\/v2\/types\/post"}],"author":[{"embeddable":true,"href":"https:\/\/www.turistamagazine.com\/v2\/index.php?rest_route=\/wp\/v2\/users\/1"}],"replies":[{"embeddable":true,"href":"https:\/\/www.turistamagazine.com\/v2\/index.php?rest_route=%2Fwp%2Fv2%2Fcomments&post=1965"}],"version-history":[{"count":2,"href":"https:\/\/www.turistamagazine.com\/v2\/index.php?rest_route=\/wp\/v2\/posts\/1965\/revisions"}],"predecessor-version":[{"id":1973,"href":"https:\/\/www.turistamagazine.com\/v2\/index.php?rest_route=\/wp\/v2\/posts\/1965\/revisions\/1973"}],"wp:attachment":[{"href":"https:\/\/www.turistamagazine.com\/v2\/index.php?rest_route=%2Fwp%2Fv2%2Fmedia&parent=1965"}],"wp:term":[{"taxonomy":"category","embeddable":true,"href":"https:\/\/www.turistamagazine.com\/v2\/index.php?rest_route=%2Fwp%2Fv2%2Fcategories&post=1965"},{"taxonomy":"post_tag","embeddable":true,"href":"https:\/\/www.turistamagazine.com\/v2\/index.php?rest_route=%2Fwp%2Fv2%2Ftags&post=1965"}],"curies":[{"name":"wp","href":"https:\/\/api.w.org\/{rel}","templated":true}]}}