{"id":19470,"date":"2016-01-20T15:37:04","date_gmt":"2016-01-20T20:37:04","guid":{"rendered":"http:\/\/www.turistamagazine.com\/v2\/?p=19470"},"modified":"2016-01-20T15:37:04","modified_gmt":"2016-01-20T20:37:04","slug":"canarias-se-suma-a-baleares-hay-que-renovar-destinos-ya-en-fitur-2016","status":"publish","type":"post","link":"https:\/\/www.turistamagazine.com\/v2\/?p=19470","title":{"rendered":"CANARIAS SE SUMA A BALEARES: HAY QUE RENOVAR DESTINOS YA  EN FITUR 2016"},"content":{"rendered":"<p style=\"text-align: justify;\">P. Xavier Canalis *<\/p>\n<p style=\"text-align: justify;\">20 \/01\/ 2016 \u2013 Espa\u00f1a.- Nuevo llamamiento de un presidente auton\u00f3mico para aprovechar las buenas temporadas que Espa\u00f1a tiene por delante para llevar a cabo las reformas pendientes desde hace a\u00f1os. En la inauguraci\u00f3n de Fitur, el mismo d\u00eda que la presidenta de Baleares pide aprovechar los a\u00f1os de vacas gordas para renovar el destino, su hom\u00f3logo canario, Fernando Clavijo, inst\u00f3 este mi\u00e9rcoles a los empresarios a <strong><em><span style=\"color: #000080;\">\u00abaprovechar el excelente momento tur\u00edstico y las buenas previsiones para 2016 para pasar de las palabras a los hechos y acometer de lleno la renovaci\u00f3n del destino en los pr\u00f3ximos dos a\u00f1os\u00bb.<\/span><\/em><\/strong><\/p>\n<p style=\"text-align: justify;\"><strong><em><span style=\"color: #000080;\">Canarias ha cerrado el a\u00f1o 2015 con 13,2 millones de turistas, 15.000 millones de euros en facturaci\u00f3n tur\u00edstica y un crecimiento del empleo del 4%.<\/span><\/em><\/strong><\/p>\n<p style=\"text-align: justify;\">\u00abLas perspectivas para los pr\u00f3ximos meses siguen siendo muy positivas y nos permiten ser optimistas: una evoluci\u00f3n macroecon\u00f3mica favorable y la mejora de la conectividad favorecer\u00e1n y dar\u00e1n respuesta a una mayor demanda de las islas Canarias como destino tur\u00edstico\u00bb, explic\u00f3 Clavijo en Fitur.<\/p>\n<p style=\"text-align: justify;\">De hecho, la capacidad a\u00e9rea regular puesta a la venta por las compa\u00f1\u00edas a\u00e9reas crece en las Islas Canarias un 11% este invierno y un 8% el pr\u00f3ximo verano.<\/p>\n<p style=\"text-align: justify;\"><strong><em><span style=\"color: #000080;\">\u00abEn total, tendremos 1,3 millones de plazas adicionales entre las dos temporadas\u00bb,<\/span><\/em><\/strong> apunt\u00f3 el presidente canario.<\/p>\n<p style=\"text-align: justify;\">Adem\u00e1s, la venta de paquetes tur\u00edsticos para la pr\u00f3xima temporada en las agencias de viaje en Reino Unido y Alemania estaban en diciembre en un 34% y un 21% por encima de los niveles del a\u00f1o pasado.<\/p>\n<p style=\"text-align: justify;\">Por otra parte, Canarias tambi\u00e9n prev\u00e9 un <strong><em><span style=\"color: #000080;\">\u00abimportante aumento\u00bb<\/span><\/em><\/strong> en la llegada de turistas espa\u00f1oles durante 2016.<\/p>\n<p style=\"text-align: justify;\">No repetir los errores del pasado<\/p>\n<p style=\"text-align: justify;\">Ante las buenas perspectivas para este ejercicio, el presidente del Gobierno de Canarias remarc\u00f3 que <span style=\"color: #000080;\"><strong><em>\u00abno podemos permitirnos reproducir errores del pasado. Debemos aprovechar esta nueva senda de crecimiento para propiciar un nuevo modelo de trabajo entre sectores que se traduzca en la creaci\u00f3n de empleo de calidad en las islas\u00bb.<\/em><\/strong><\/span><\/p>\n<p style=\"text-align: justify;\">Por su parte, la consejera de Turismo, Cultura y Deportes del Gobierno de Canarias, Mar\u00eda Teresa Lorenzo, manifest\u00f3 que \u00abCanarias acude a Fitur reforzada ante la recuperaci\u00f3n del turismo nacional en un 7% durante 2015\u00bb.<\/p>\n<p style=\"text-align: justify;\">En este sentido, se\u00f1al\u00f3 que el turismo peninsular se mantiene, a pesar del fuerte descenso durante la crisis, \u00abcomo el tercer mercado emisor por n\u00famero de turistas para las islas Canarias\u00bb.<\/p>\n<p style=\"text-align: justify;\">Adem\u00e1s anunci\u00f3 que \u00abtenemos grandes expectativas tal y como refleja el aumento en el n\u00famero de plazas programadas por las compa\u00f1\u00edas \u00e1reas para la temporada de invierno e, incluso, la de verano\u00bb.<\/p>\n<p style=\"text-align: justify;\">De hecho, entre noviembre de 2015 y octubre de 2016, seg\u00fan los datos de Promotur Turismo de Canarias, este incremento de la conectividad regular se cifra en 330.000 plazas adicionales para el mercado peninsular y de 1,3 millones en conjunto.<\/p>\n<p style=\"text-align: justify;\">En cualquier caso, a\u00f1adi\u00f3 Lorenzo,<strong><em><span style=\"color: #000080;\"> \u00abtenemos que seguir trabajando para alcanzar los 2,7 millones de turistas peninsulares que nos visitaron en 2007\u00bb.<\/span><\/em><\/strong><\/p>\n<p>Hosteltur<\/p>\n<p>F\/ de Portada El presidente de Canarias, Fernando Clavijo, en la inauguraci\u00f3n de Fitur.<\/p>\n","protected":false},"excerpt":{"rendered":"<p>P. Xavier Canalis * 20 \/01\/ 2016 \u2013 Espa\u00f1a.- Nuevo llamamiento de un presidente auton\u00f3mico para aprovechar las buenas temporadas que Espa\u00f1a tiene por delante para llevar a cabo las reformas pendientes desde hace a\u00f1os. En la inauguraci\u00f3n de Fitur, el mismo d\u00eda que la presidenta de Baleares pide aprovechar los a\u00f1os de vacas gordas para renovar el destino, su hom\u00f3logo canario, Fernando Clavijo, inst\u00f3 este mi\u00e9rcoles a los empresarios a \u00abaprovechar el excelente momento tur\u00edstico y las buenas previsiones para 2016 para pasar de las palabras a los hechos y acometer de lleno la renovaci\u00f3n del destino en los&#8230;<\/p>\n","protected":false},"author":1,"featured_media":0,"comment_status":"open","ping_status":"open","sticky":false,"template":"","format":"standard","meta":{"footnotes":""},"categories":[4,84],"tags":[284,3732,5892,5580,5893,484,749],"class_list":["post-19470","post","type-post","status-publish","format-standard","hentry","category-breaking-news","category-internacionales","tag-antonio-pedro-tejera-reyes","tag-canarias","tag-fernando-clavijo","tag-fitur-2016","tag-maria-teresa-lorenzo","tag-promotur-turismo-de-canarias","tag-turistamagazine"],"_links":{"self":[{"href":"https:\/\/www.turistamagazine.com\/v2\/index.php?rest_route=\/wp\/v2\/posts\/19470","targetHints":{"allow":["GET"]}}],"collection":[{"href":"https:\/\/www.turistamagazine.com\/v2\/index.php?rest_route=\/wp\/v2\/posts"}],"about":[{"href":"https:\/\/www.turistamagazine.com\/v2\/index.php?rest_route=\/wp\/v2\/types\/post"}],"author":[{"embeddable":true,"href":"https:\/\/www.turistamagazine.com\/v2\/index.php?rest_route=\/wp\/v2\/users\/1"}],"replies":[{"embeddable":true,"href":"https:\/\/www.turistamagazine.com\/v2\/index.php?rest_route=%2Fwp%2Fv2%2Fcomments&post=19470"}],"version-history":[{"count":3,"href":"https:\/\/www.turistamagazine.com\/v2\/index.php?rest_route=\/wp\/v2\/posts\/19470\/revisions"}],"predecessor-version":[{"id":19474,"href":"https:\/\/www.turistamagazine.com\/v2\/index.php?rest_route=\/wp\/v2\/posts\/19470\/revisions\/19474"}],"wp:attachment":[{"href":"https:\/\/www.turistamagazine.com\/v2\/index.php?rest_route=%2Fwp%2Fv2%2Fmedia&parent=19470"}],"wp:term":[{"taxonomy":"category","embeddable":true,"href":"https:\/\/www.turistamagazine.com\/v2\/index.php?rest_route=%2Fwp%2Fv2%2Fcategories&post=19470"},{"taxonomy":"post_tag","embeddable":true,"href":"https:\/\/www.turistamagazine.com\/v2\/index.php?rest_route=%2Fwp%2Fv2%2Ftags&post=19470"}],"curies":[{"name":"wp","href":"https:\/\/api.w.org\/{rel}","templated":true}]}}