{"id":1946,"date":"2014-02-20T08:44:46","date_gmt":"2014-02-20T13:44:46","guid":{"rendered":"http:\/\/www.turistamagazine.com\/v2\/?p=1946"},"modified":"2014-02-20T08:44:46","modified_gmt":"2014-02-20T13:44:46","slug":"peru-oficializan-a-arequipa-como-sede-del-congreso-mundial-de-ciudades-patrimonio-2015","status":"publish","type":"post","link":"https:\/\/www.turistamagazine.com\/v2\/?p=1946","title":{"rendered":"PERU: OFICIALIZAN A AREQUIPA COMO SEDE DEL CONGRESO MUNDIAL DE CIUDADES PATRIMONIO 2015"},"content":{"rendered":"<p style=\"text-align: justify;\">Arequipa.- \u00a0La ciudad de Arequipa, provincia y regi\u00f3n del mismo nombre, recibi\u00f3 oficialmente en la v\u00edspera la bandera de la Organizaci\u00f3n de Ciudades Patrimonio Mundial (OCPM) que la identifica como ciudad organizadora del XIII Congreso Mundial de Ciudades Patrimonio 2015.<\/p>\n<p style=\"text-align: justify;\">\u00a0Para oficializar la actividad arribaron a la ciudad tres representantes de la OCPM quienes hicieron entrega de la bandera al alcalde provincial, Alfredo Zegarra, como parte de una ceremonia donde las danzas y la m\u00fasica arequipe\u00f1a estuvieron presentes.<\/p>\n<p style=\"text-align: justify;\">\u00a0La delegaci\u00f3n de la OCPM est\u00e1 integrada por el secretario general de la entidad, Denis Ricard; la secretaria adjunta, Lee Minaidi; y la secretaria regional de Am\u00e9rica Latina y el Caribe, Paulina Kaplan.<\/p>\n<p style=\"text-align: justify;\">\u00a0La ciudad de Arequipa fue elegida en diciembre del a\u00f1o pasado ciudad sede del XIII Congreso Mundial de Ciudades Patrimonio 2015, encuentro que congregar\u00e1 a representantes de m\u00e1s de 250 ciudades del mundo declaradas Patrimonio Mundial.<\/p>\n<p style=\"text-align: justify;\">\u00a0Se prev\u00e9 que el Congreso re\u00fana a unas 1,500 personas de todo el mundo quienes adem\u00e1s de reunirse para abordar la problem\u00e1tica cultural de las ciudades patrimonio podr\u00e1n conocer Arequipa y sus atractivos tur\u00edsticos.<\/p>\n<p style=\"text-align: justify;\">\u00a0La ceremonia se inici\u00f3 con el izamiento de los s\u00edmbolos patrios en la Plaza de Armas de la ciudad, luego la delegaci\u00f3n junto a las autoridades se trasladaron al Sal\u00f3n Consistorial donde fueron declarados hu\u00e9spedes ilustres.<\/p>\n<p style=\"text-align: justify;\">\u00a0Minutos despu\u00e9s los representantes de la OCPM y las autoridades de Arequipa se dirigieron a la Catedral, donde entregaron en calidad de custodia la bandera de la Organizaci\u00f3n hasta el pr\u00f3ximo a\u00f1o.<\/p>\n<p style=\"text-align: justify;\">\u00a0Seguidamente los integrantes de la delegaci\u00f3n y las autoridades locales realizaron una visita guiada al Museo de la Catedral que muestra piezas religiosas.<\/p>\n<p style=\"text-align: justify;\">\u00a0Los visitantes permanecer\u00e1n en la ciudad hasta el viernes d\u00edas durante los cuales recorrer\u00e1n lugares tur\u00edsticos y los posibles locales donde se desarrollar\u00e1 el Congreso el 2015.<\/p>\n","protected":false},"excerpt":{"rendered":"<p>Arequipa.- \u00a0La ciudad de Arequipa, provincia y regi\u00f3n del mismo nombre, recibi\u00f3 oficialmente en la v\u00edspera la bandera de la Organizaci\u00f3n de Ciudades Patrimonio Mundial (OCPM) que la identifica como ciudad organizadora del XIII Congreso Mundial de Ciudades Patrimonio 2015. \u00a0Para oficializar la actividad arribaron a la ciudad tres representantes de la OCPM quienes hicieron entrega de la bandera al alcalde provincial, Alfredo Zegarra, como parte de una ceremonia donde las danzas y la m\u00fasica arequipe\u00f1a estuvieron presentes. \u00a0La delegaci\u00f3n de la OCPM est\u00e1 integrada por el secretario general de la entidad, Denis Ricard; la secretaria adjunta, Lee Minaidi; y&#8230;<\/p>\n","protected":false},"author":1,"featured_media":0,"comment_status":"open","ping_status":"open","sticky":false,"template":"","format":"standard","meta":{"footnotes":""},"categories":[4,82],"tags":[268,330,452,642],"class_list":["post-1946","post","type-post","status-publish","format-standard","hentry","category-breaking-news","category-nacionales","tag-arequipa","tag-turismo-en-el-peru","tag-valle-del-colca","tag-xiii-congreso-mundial-de-ciudades-patrimonio-2015"],"_links":{"self":[{"href":"https:\/\/www.turistamagazine.com\/v2\/index.php?rest_route=\/wp\/v2\/posts\/1946","targetHints":{"allow":["GET"]}}],"collection":[{"href":"https:\/\/www.turistamagazine.com\/v2\/index.php?rest_route=\/wp\/v2\/posts"}],"about":[{"href":"https:\/\/www.turistamagazine.com\/v2\/index.php?rest_route=\/wp\/v2\/types\/post"}],"author":[{"embeddable":true,"href":"https:\/\/www.turistamagazine.com\/v2\/index.php?rest_route=\/wp\/v2\/users\/1"}],"replies":[{"embeddable":true,"href":"https:\/\/www.turistamagazine.com\/v2\/index.php?rest_route=%2Fwp%2Fv2%2Fcomments&post=1946"}],"version-history":[{"count":2,"href":"https:\/\/www.turistamagazine.com\/v2\/index.php?rest_route=\/wp\/v2\/posts\/1946\/revisions"}],"predecessor-version":[{"id":1949,"href":"https:\/\/www.turistamagazine.com\/v2\/index.php?rest_route=\/wp\/v2\/posts\/1946\/revisions\/1949"}],"wp:attachment":[{"href":"https:\/\/www.turistamagazine.com\/v2\/index.php?rest_route=%2Fwp%2Fv2%2Fmedia&parent=1946"}],"wp:term":[{"taxonomy":"category","embeddable":true,"href":"https:\/\/www.turistamagazine.com\/v2\/index.php?rest_route=%2Fwp%2Fv2%2Fcategories&post=1946"},{"taxonomy":"post_tag","embeddable":true,"href":"https:\/\/www.turistamagazine.com\/v2\/index.php?rest_route=%2Fwp%2Fv2%2Ftags&post=1946"}],"curies":[{"name":"wp","href":"https:\/\/api.w.org\/{rel}","templated":true}]}}