{"id":19364,"date":"2016-01-15T09:25:22","date_gmt":"2016-01-15T14:25:22","guid":{"rendered":"http:\/\/www.turistamagazine.com\/v2\/?p=19364"},"modified":"2016-01-15T09:25:22","modified_gmt":"2016-01-15T14:25:22","slug":"corso-del-carnaval-de-cajamarca-2016-reunira-a-60000-personas","status":"publish","type":"post","link":"https:\/\/www.turistamagazine.com\/v2\/?p=19364","title":{"rendered":"CORSO DEL CARNAVAL DE CAJAMARCA 2016 REUNIR\u00c1 A 60,000 PERSONAS"},"content":{"rendered":"<p style=\"text-align: justify;\" align=\"center\">Lima, ene. 15. La puesta en escena durante el d\u00eda principal del corso del Carnaval de Cajamarca reunir\u00e1 a 60,000 personas que estar\u00e1n en este recorrido de cuatro kil\u00f3metro, para lo cual ya se prepar\u00f3 un plan de contingencia que prev\u00e9 atenci\u00f3n m\u00e9dica, seguridad y limpieza.<\/p>\n<p style=\"text-align: justify;\">As\u00ed lo inform\u00f3 Glendy Ramos, encargada de la comisi\u00f3n del corso 2016, quien afirm\u00f3 que este a\u00f1o existe una gran expectativa por el gran n\u00famero de participantes ya confirmados.<\/p>\n<p style=\"text-align: justify;\">\u00abEn el d\u00eda central tenemos por barrio una concentraci\u00f3n de 200 personas y en el corso tenemos de todos los barrios, centros poblados, caser\u00edos, instituciones p\u00fablicas y privadas, creemos que habr\u00e1n en la puesta en escena como 60,000 personas en el d\u00eda principal\u00bb, asever\u00f3.<\/p>\n<p style=\"text-align: justify;\">Agreg\u00f3 que habr\u00e1 alrededor de 1,200 personas de apoyo y unos 800 agentes policiales, adem\u00e1s de personal de seguridad, serenazgo y otras instituciones durante el d\u00eda central.<\/p>\n<p style=\"text-align: justify;\">Sostuvo que se ha previsto tambi\u00e9n el auxilio m\u00e9dico y para ello se ha asegurado la participaci\u00f3n de 400 param\u00e9dicos, ambulancias de EsSalud, personal Direcci\u00f3n Regional de Salud, Sanidad de la Polic\u00eda Nacional, adem\u00e1s de las ambulancias y los bomberos.<\/p>\n<p style=\"text-align: justify;\">Consultada sobre el recorrido de este a\u00f1o, Ramos precis\u00f3 que el corso se llevar\u00e1 a cabo el d\u00eda 08 de febrero a las 10:00 horas a lo largo de cuatro kil\u00f3metros de recorrido.<\/p>\n<p style=\"text-align: justify;\">\u00abSe va a desarrollar por toda la V\u00eda de Evitamiento, se dar\u00e1 inicio en las intercesiones de H\u00e9roes del Cenepa y Evitamiento sur, el recorrido se har\u00e1 hasta las intersecci\u00f3n de Hoyos Rubios y la V\u00eda de Evitamiento Norte, que es un recorrido aproximado de cuatro kil\u00f3metros\u00bb, afirm\u00f3 Ramos.<\/p>\n<p style=\"text-align: justify;\">Recalc\u00f3 que se est\u00e1 integrando a personal de Defensa Civil, la Polic\u00eda Nacional, el apoyo del Ej\u00e9rcito, Polic\u00eda Nacional entre otras instituciones para garantizar el orden y la seguridad de este evento.<\/p>\n","protected":false},"excerpt":{"rendered":"<p>Lima, ene. 15. La puesta en escena durante el d\u00eda principal del corso del Carnaval de Cajamarca reunir\u00e1 a 60,000 personas que estar\u00e1n en este recorrido de cuatro kil\u00f3metro, para lo cual ya se prepar\u00f3 un plan de contingencia que prev\u00e9 atenci\u00f3n m\u00e9dica, seguridad y limpieza. As\u00ed lo inform\u00f3 Glendy Ramos, encargada de la comisi\u00f3n del corso 2016, quien afirm\u00f3 que este a\u00f1o existe una gran expectativa por el gran n\u00famero de participantes ya confirmados. \u00abEn el d\u00eda central tenemos por barrio una concentraci\u00f3n de 200 personas y en el corso tenemos de todos los barrios, centros poblados, caser\u00edos, instituciones&#8230;<\/p>\n","protected":false},"author":1,"featured_media":0,"comment_status":"open","ping_status":"open","sticky":false,"template":"","format":"standard","meta":{"footnotes":""},"categories":[4,82],"tags":[725,117,330,749],"class_list":["post-19364","post","type-post","status-publish","format-standard","hentry","category-breaking-news","category-nacionales","tag-carnaval-de-cajamarca","tag-promocion-turistica","tag-turismo-en-el-peru","tag-turistamagazine"],"_links":{"self":[{"href":"https:\/\/www.turistamagazine.com\/v2\/index.php?rest_route=\/wp\/v2\/posts\/19364","targetHints":{"allow":["GET"]}}],"collection":[{"href":"https:\/\/www.turistamagazine.com\/v2\/index.php?rest_route=\/wp\/v2\/posts"}],"about":[{"href":"https:\/\/www.turistamagazine.com\/v2\/index.php?rest_route=\/wp\/v2\/types\/post"}],"author":[{"embeddable":true,"href":"https:\/\/www.turistamagazine.com\/v2\/index.php?rest_route=\/wp\/v2\/users\/1"}],"replies":[{"embeddable":true,"href":"https:\/\/www.turistamagazine.com\/v2\/index.php?rest_route=%2Fwp%2Fv2%2Fcomments&post=19364"}],"version-history":[{"count":3,"href":"https:\/\/www.turistamagazine.com\/v2\/index.php?rest_route=\/wp\/v2\/posts\/19364\/revisions"}],"predecessor-version":[{"id":19368,"href":"https:\/\/www.turistamagazine.com\/v2\/index.php?rest_route=\/wp\/v2\/posts\/19364\/revisions\/19368"}],"wp:attachment":[{"href":"https:\/\/www.turistamagazine.com\/v2\/index.php?rest_route=%2Fwp%2Fv2%2Fmedia&parent=19364"}],"wp:term":[{"taxonomy":"category","embeddable":true,"href":"https:\/\/www.turistamagazine.com\/v2\/index.php?rest_route=%2Fwp%2Fv2%2Fcategories&post=19364"},{"taxonomy":"post_tag","embeddable":true,"href":"https:\/\/www.turistamagazine.com\/v2\/index.php?rest_route=%2Fwp%2Fv2%2Ftags&post=19364"}],"curies":[{"name":"wp","href":"https:\/\/api.w.org\/{rel}","templated":true}]}}