{"id":1907,"date":"2014-02-19T15:49:46","date_gmt":"2014-02-19T20:49:46","guid":{"rendered":"http:\/\/www.turistamagazine.com\/v2\/?p=1907"},"modified":"2014-02-19T15:49:46","modified_gmt":"2014-02-19T20:49:46","slug":"peru-mas-de-1000-turistas-espera-recibir-atalaya-durante-la-fiesta-de-carnaval","status":"publish","type":"post","link":"https:\/\/www.turistamagazine.com\/v2\/?p=1907","title":{"rendered":"PERU: M\u00c1S DE 1,000 TURISTAS ESPERA RECIBIR ATALAYA DURANTE LA FIESTA DE CARNAVAL"},"content":{"rendered":"<p style=\"text-align: justify;\">Ucayali.- La ciudad de Atalaya, ubicada en la provincia del mismo nombre, regi\u00f3n Ucayali, se prepara para celebrar del jueves 27 de febrero al s\u00e1bado 1 de marzo su fiesta de carnaval con un megafestival cultural art\u00edstico. As\u00ed lo anunci\u00f3 el alcalde provincial, Francisco de As\u00eds Mendoza de Souza<em>,<strong><span style=\"color: #000080;\"> quien adelant\u00f3 que su ciudad se muestra ante los ojos del mundo como una de las m\u00e1s seguras, sumando a ello la gran variedad paisaj\u00edstica que ofrece al turista nacional y extranjero<\/span><\/strong><\/em><strong><span style=\"color: #000080;\">.<\/span><\/strong> El burgomaestre resalt\u00f3 la belleza de las mujeres locales, que se apreciar\u00e1 el jueves 27 con la elecci\u00f3n de la se\u00f1orita carnaval, en la losa deportiva municipal.<\/p>\n<p style=\"text-align: justify;\">Mencion\u00f3 tambi\u00e9n, el imponente pasacalle de carros y motocarros aleg\u00f3ricos que recorrer\u00e1 las principales v\u00edas de esta ciudad, y el concurso de danzas de la costa, sierra y selva. Ambas actividades se desarrollar\u00e1n el viernes 28 de febrero. Por \u00faltimo, el s\u00e1bado 1 de marzo ser\u00e1 el esperado concurso y tumba de h\u00famishas y cortamonte (este a\u00f1o se estima plantar 50 \u00e1rboles como m\u00ednimo), la misma que finalizar\u00e1 con la entrega de premios y fiesta popular.<\/p>\n<p style=\"text-align: justify;\">Mendoza de Souza record\u00f3 que se efectuar\u00e1 un concurso para elegir las comparsas m\u00e1s originales y se entregar\u00e1n premios a las delegaciones que presenten alegor\u00edas de la regi\u00f3n a la cual representan. El burgomaestre salud\u00f3 la respuesta que recibe por parte de las juntas vecinales, elencos de danzas, instituciones p\u00fablicas y privadas que han confirmado su participaci\u00f3n en esta octava edici\u00f3n del carnaval de Atalaya, que cada a\u00f1o crece m\u00e1s. Mendoza afirm\u00f3, adem\u00e1s, que la meta es que cada turista vuelva con la satisfacci\u00f3n de haber sido atendido y tratado con la cordialidad y hospitalidad, por ello se realizan reuniones con los motocarristas, propietarios de hoteles y restaurantes para que brinden un servicio de calidad al mismo precio.<\/p>\n<p style=\"text-align: justify;\"><strong><em><span style=\"color: #000080;\">\u00abPor aire, agua o tierra, Atalaya te espera, ven al carnaval, ser\u00e1n tres d\u00edas inolvidables\u00bb, finaliz\u00f3 el alcalde<\/span><\/em><\/strong>.<\/p>\n","protected":false},"excerpt":{"rendered":"<p>Ucayali.- La ciudad de Atalaya, ubicada en la provincia del mismo nombre, regi\u00f3n Ucayali, se prepara para celebrar del jueves 27 de febrero al s\u00e1bado 1 de marzo su fiesta de carnaval con un megafestival cultural art\u00edstico. As\u00ed lo anunci\u00f3 el alcalde provincial, Francisco de As\u00eds Mendoza de Souza, quien adelant\u00f3 que su ciudad se muestra ante los ojos del mundo como una de las m\u00e1s seguras, sumando a ello la gran variedad paisaj\u00edstica que ofrece al turista nacional y extranjero. El burgomaestre resalt\u00f3 la belleza de las mujeres locales, que se apreciar\u00e1 el jueves 27 con la elecci\u00f3n de&#8230;<\/p>\n","protected":false},"author":1,"featured_media":0,"comment_status":"open","ping_status":"open","sticky":false,"template":"","format":"standard","meta":{"footnotes":""},"categories":[4,82],"tags":[629,628],"class_list":["post-1907","post","type-post","status-publish","format-standard","hentry","category-breaking-news","category-nacionales","tag-la-ciudad-de-atalaya","tag-rregion-ucayali"],"_links":{"self":[{"href":"https:\/\/www.turistamagazine.com\/v2\/index.php?rest_route=\/wp\/v2\/posts\/1907","targetHints":{"allow":["GET"]}}],"collection":[{"href":"https:\/\/www.turistamagazine.com\/v2\/index.php?rest_route=\/wp\/v2\/posts"}],"about":[{"href":"https:\/\/www.turistamagazine.com\/v2\/index.php?rest_route=\/wp\/v2\/types\/post"}],"author":[{"embeddable":true,"href":"https:\/\/www.turistamagazine.com\/v2\/index.php?rest_route=\/wp\/v2\/users\/1"}],"replies":[{"embeddable":true,"href":"https:\/\/www.turistamagazine.com\/v2\/index.php?rest_route=%2Fwp%2Fv2%2Fcomments&post=1907"}],"version-history":[{"count":2,"href":"https:\/\/www.turistamagazine.com\/v2\/index.php?rest_route=\/wp\/v2\/posts\/1907\/revisions"}],"predecessor-version":[{"id":1909,"href":"https:\/\/www.turistamagazine.com\/v2\/index.php?rest_route=\/wp\/v2\/posts\/1907\/revisions\/1909"}],"wp:attachment":[{"href":"https:\/\/www.turistamagazine.com\/v2\/index.php?rest_route=%2Fwp%2Fv2%2Fmedia&parent=1907"}],"wp:term":[{"taxonomy":"category","embeddable":true,"href":"https:\/\/www.turistamagazine.com\/v2\/index.php?rest_route=%2Fwp%2Fv2%2Fcategories&post=1907"},{"taxonomy":"post_tag","embeddable":true,"href":"https:\/\/www.turistamagazine.com\/v2\/index.php?rest_route=%2Fwp%2Fv2%2Ftags&post=1907"}],"curies":[{"name":"wp","href":"https:\/\/api.w.org\/{rel}","templated":true}]}}