{"id":1890,"date":"2014-02-19T15:33:21","date_gmt":"2014-02-19T20:33:21","guid":{"rendered":"http:\/\/www.turistamagazine.com\/v2\/?p=1890"},"modified":"2014-02-19T15:33:21","modified_gmt":"2014-02-19T20:33:21","slug":"peru-el-carnaval-de-la-gran-nacion-wanka-2014-se-inicia-el-viernes-28-en-huancayo","status":"publish","type":"post","link":"https:\/\/www.turistamagazine.com\/v2\/?p=1890","title":{"rendered":"PERU: EL CARNAVAL DE LA GRAN NACI\u00d3N WANKA 2014 SE INICIA EL VIERNES 28 EN HUANCAYO"},"content":{"rendered":"<p style=\"text-align: justify;\">Huancayo.- Con un gran pasacalle, presidido por el \u00d1o Carnaval\u00f3n, se iniciar\u00e1 el viernes 28 de febrero el Carnaval Wanka 2014 en la provincia de Huancayo, en la regi\u00f3n Jun\u00edn, anunci\u00f3 la municipalidad provincial de Huancayo, organizadora de la actividad. La comuna huanca precis\u00f3 que\u00a0 a trav\u00e9s del Instituto de la Juventud y Cultura se convoca a todos los elencos y delegaciones de instituciones folcl\u00f3ricas de las provincias y distritos del centro del pa\u00eds, para participar del carnaval. El alcalde de la ciudad Dimas Aliaga Castro, anunci\u00f3 la participaci\u00f3n de los clubes departamentales de Ayacucho, Apur\u00edmac, Arequipa, Puno, Cusco, Pasco, Hu\u00e1nuco, con sus danzas costumbristas y atuendos multicolores, con el prop\u00f3sito de realzar la fiesta del Carnaval Wanka.<\/p>\n<p style=\"text-align: justify;\">\u00abEl objetivo es atraer a miles de visitantes, en forma proactiva contribuir\u00e1n a este cometido las provincias de Jauja, Chupaca, Concepci\u00f3n, Tayacaja, con sus tradicionales danzas de la Tunantada, Los Shapish, Majtada, La Huaconada; as\u00ed como los elencos de los distritos de Pucar\u00e1, Sapallanga, Huanc\u00e1n, Viques, Huayucachi\u00bb, manifest\u00f3 el burgomaestre huanca. \u00abTeniendo como eje principal nuestra identidad, el majestuoso Huaylarsh, se presentar\u00e1n las municipalidades e instituciones p\u00fablicas, seguido del bloque intercultural conformado por los clubes departamentales y culminar\u00e1 la gigantesca comparsa con los carros aleg\u00f3ricos presentados por las empresas y comercios\u00bb, precis\u00f3 por su parte el director del Instituto de la Juventud y Cultura Eduardo Valent\u00edn Mu\u00f1\u00f3z.<\/p>\n<p style=\"text-align: justify;\">La quema del \u00d1o Carnaval\u00f3n se realizar\u00e1 el 5 de marzo y se premiar\u00e1 a los ganadores de la comparsa. El gran encuentro y contrapunto de huaylarsh, que har\u00e1 vibrar al pueblo huanca, est\u00e1 programado para el 8 de marzo, finalizar\u00e1 el carnaval con el XXIV Concurso Nacional de Huaylarsh a desarrollarse el 19, 20 y 21 de marzo, inform\u00f3 Valent\u00edn Mu\u00f1oz.<\/p>\n","protected":false},"excerpt":{"rendered":"<p>Huancayo.- Con un gran pasacalle, presidido por el \u00d1o Carnaval\u00f3n, se iniciar\u00e1 el viernes 28 de febrero el Carnaval Wanka 2014 en la provincia de Huancayo, en la regi\u00f3n Jun\u00edn, anunci\u00f3 la municipalidad provincial de Huancayo, organizadora de la actividad. La comuna huanca precis\u00f3 que\u00a0 a trav\u00e9s del Instituto de la Juventud y Cultura se convoca a todos los elencos y delegaciones de instituciones folcl\u00f3ricas de las provincias y distritos del centro del pa\u00eds, para participar del carnaval. El alcalde de la ciudad Dimas Aliaga Castro, anunci\u00f3 la participaci\u00f3n de los clubes departamentales de Ayacucho, Apur\u00edmac, Arequipa, Puno, Cusco, Pasco,&#8230;<\/p>\n","protected":false},"author":1,"featured_media":0,"comment_status":"open","ping_status":"open","sticky":false,"template":"","format":"standard","meta":{"footnotes":""},"categories":[4,82],"tags":[614,268,612,627,134,615,626,215],"class_list":["post-1890","post","type-post","status-publish","format-standard","hentry","category-breaking-news","category-nacionales","tag-apurimac","tag-arequipa","tag-ayacucho","tag-carnaval-wanka-huancayo","tag-cusco","tag-huanuco","tag-pasco","tag-puno"],"_links":{"self":[{"href":"https:\/\/www.turistamagazine.com\/v2\/index.php?rest_route=\/wp\/v2\/posts\/1890","targetHints":{"allow":["GET"]}}],"collection":[{"href":"https:\/\/www.turistamagazine.com\/v2\/index.php?rest_route=\/wp\/v2\/posts"}],"about":[{"href":"https:\/\/www.turistamagazine.com\/v2\/index.php?rest_route=\/wp\/v2\/types\/post"}],"author":[{"embeddable":true,"href":"https:\/\/www.turistamagazine.com\/v2\/index.php?rest_route=\/wp\/v2\/users\/1"}],"replies":[{"embeddable":true,"href":"https:\/\/www.turistamagazine.com\/v2\/index.php?rest_route=%2Fwp%2Fv2%2Fcomments&post=1890"}],"version-history":[{"count":2,"href":"https:\/\/www.turistamagazine.com\/v2\/index.php?rest_route=\/wp\/v2\/posts\/1890\/revisions"}],"predecessor-version":[{"id":1899,"href":"https:\/\/www.turistamagazine.com\/v2\/index.php?rest_route=\/wp\/v2\/posts\/1890\/revisions\/1899"}],"wp:attachment":[{"href":"https:\/\/www.turistamagazine.com\/v2\/index.php?rest_route=%2Fwp%2Fv2%2Fmedia&parent=1890"}],"wp:term":[{"taxonomy":"category","embeddable":true,"href":"https:\/\/www.turistamagazine.com\/v2\/index.php?rest_route=%2Fwp%2Fv2%2Fcategories&post=1890"},{"taxonomy":"post_tag","embeddable":true,"href":"https:\/\/www.turistamagazine.com\/v2\/index.php?rest_route=%2Fwp%2Fv2%2Ftags&post=1890"}],"curies":[{"name":"wp","href":"https:\/\/api.w.org\/{rel}","templated":true}]}}