{"id":18665,"date":"2015-12-17T07:12:36","date_gmt":"2015-12-17T12:12:36","guid":{"rendered":"http:\/\/www.turistamagazine.com\/v2\/?p=18665"},"modified":"2016-01-15T10:19:29","modified_gmt":"2016-01-15T15:19:29","slug":"activista-o-terrorista","status":"publish","type":"post","link":"https:\/\/www.turistamagazine.com\/v2\/?p=18665","title":{"rendered":"\u00bfACTIVISTA O TERRORISTA?"},"content":{"rendered":"<p>&nbsp;<\/p>\n<p style=\"text-align: justify;\">Por Antero Flores-Araoz*<\/p>\n<p style=\"text-align: justify;\">La terrorista estadounidense Lori Berenson, despu\u00e9s de cumplir la condena privativa de libertad por colaborar con acciones terroristas del MRTA, fue expulsada\u00a0 de nuestro pa\u00eds, el que la hab\u00eda acogido d\u00e1ndole residencia, lo que no supo retribuir y menos agradecer.<\/p>\n<p style=\"text-align: justify;\">Algunos medios de expresi\u00f3n del extranjero, al comentar la expulsi\u00f3n, calificaron a la se\u00f1ora Berenson de \u201cactivista\u201d, lo cual ha generado no pocas cr\u00edticas, pues es un adjetivo impropio para los graves actos cometidos por dicha persona.<\/p>\n<p style=\"text-align: justify;\">El activismo es el accionar de cualquier sujeto, y est\u00e1 relacionado con el actuar con pasi\u00f3n, con fuerza, en profundidad, y est\u00e1 ligado por ejemplo al activismo en Derechos Humanos, al activismo religioso, al activismo emprendedor, pero no al terrorismo, y en el peor de los casos debi\u00f3 calificarse como activista terrorista pero no simplemente \u201cactivista\u201d que le da una connotaci\u00f3n suave e indulgente muy lejana a la realidad.<\/p>\n<p style=\"text-align: justify;\">Parece que hay gente o que no conoce lo acontecido en nuestro pa\u00eds o no desea recordarlo.\u00a0 Bueno pues, con\u00f3zcanlo o recu\u00e9rdenlo.\u00a0 Vivimos a\u00f1os de terror, en que grupos delincuenciales asesinos, cejaron la vida de much\u00edsimos compatriotas y a otros los mutilaron, los hirieron, e incluso destruyeron propiedad p\u00fablica como privada. Tambi\u00e9n sometieron a poblaciones enteras y entrenaron a ni\u00f1os para que ejecutar actos de violencia, adem\u00e1s de adoctrinarlos para tomar el poder por la fuerza, afectando el orden democr\u00e1tico.<\/p>\n<p style=\"text-align: justify;\">Fueron lustros de desventura y de retroceso, hubo m\u00e1s pobreza y desesperanza, y fuimos obligados a defendernos con las armas, habiendo nuestras Fuerzas Armadas y Polic\u00eda, puesto el pecho, cuando no su vida, para terminar con el flagelo terrorista.<\/p>\n<p style=\"text-align: justify;\">La se\u00f1ora Berenson, no se les olvide, ingres\u00f3 al Parlamento simulando actividad period\u00edstica y premunida de los planos del Congreso, se\u00f1alar la v\u00eda por la cual ingresar\u00edan sus c\u00f3mplices para atentar contra la representaci\u00f3n popular.\u00a0 Lo tengo grabado en la memoria, pues por donde ingresar\u00edan al hemiciclo era la puerta que daba a la curul que me hab\u00eda sido asignada como congresista.\u00a0 Iba a ser una de sus primeras v\u00edctimas.<\/p>\n<p style=\"text-align: justify;\">Hay la malsana costumbre de no llamar a las cosas o a las acciones por su verdadero nombre, y m\u00e1s cuando tiene crudeza.\u00a0 Normalmente utilizamos calificativos dulzones para no emplear la dureza que las acciones ameritan.\u00a0 Se lleg\u00f3 hasta el extremo en que el magistrado Cancado Trindale de la Corte Interamericana de Derechos Humanos, se atrevi\u00f3 a considerar que los terroristas peruanos ten\u00edan la m\u00edstica de Juana de Arco, as\u00ed como lo leen.<\/p>\n<p style=\"text-align: justify;\">Pese a que nuestros soldados han sido y son v\u00edctimas del terrorismo, cuando fui Ministro de Defensa escuchaba en actuaciones patri\u00f3ticas hablar de \u201cviolencia pol\u00edtica\u201d as\u00ed como de los a\u00f1os de \u201cconflicto o guerra interna\u201d.\u00a0 \u00c9sas suaves expresiones nos llevaron a emitir la Directiva N\u00b0 019-MD-SG mediante la Resoluci\u00f3n Ministerial N\u00b0 531-2009-DE\/SG el 09 de junio de 2009, obligando a la calificaci\u00f3n de \u201cviolencia terrorista\u201d.<\/p>\n<p style=\"text-align: justify;\">Cuando nominamos dulzonamente a actos crueles e inhumanos, agraviamos a quienes lucharon por recuperar a la patria del accionar terrorista. \u00a1No se olvide!<\/p>\n<p style=\"text-align: justify;\">*<span style=\"color: #000080;\"><strong>\u00a0<\/strong><strong>Reconocido jurista y\u00a0pol\u00edtico\u00a0peruano<\/strong><strong>\u00a0<\/strong><strong>Fundador del partido\u00a0ORDEN<\/strong><\/span><\/p>\n<p style=\"text-align: justify;\"><span style=\"color: #000080;\"><strong><em>Candidato a la presidencia del la Rep\u00fablica del Per\u00fa para el 2016<\/em><\/strong><\/span><\/p>\n<p style=\"text-align: justify;\">Ha sido Diputado, Constituyente y Congresista de la Rep\u00fablica del Per\u00fa, siempre de la mano del Partido Popular Cristiano. En el 2004, fue electo como Presidente del Congreso entre otros importantes cargos diplom\u00e1ticos.<\/p>\n<p style=\"text-align: justify;\">La Direcci\u00f3n no se solidariza necesariamente con la opini\u00f3n de sus colaboradores<\/p>\n","protected":false},"excerpt":{"rendered":"<p>&nbsp; Por Antero Flores-Araoz* La terrorista estadounidense Lori Berenson, despu\u00e9s de cumplir la condena privativa de libertad por colaborar con acciones terroristas del MRTA, fue expulsada\u00a0 de nuestro pa\u00eds, el que la hab\u00eda acogido d\u00e1ndole residencia, lo que no supo retribuir y menos agradecer. Algunos medios de expresi\u00f3n del extranjero, al comentar la expulsi\u00f3n, calificaron a la se\u00f1ora Berenson de \u201cactivista\u201d, lo cual ha generado no pocas cr\u00edticas, pues es un adjetivo impropio para los graves actos cometidos por dicha persona. El activismo es el accionar de cualquier sujeto, y est\u00e1 relacionado con el actuar con pasi\u00f3n, con fuerza, en&#8230;<\/p>\n","protected":false},"author":1,"featured_media":0,"comment_status":"open","ping_status":"open","sticky":false,"template":"","format":"standard","meta":{"footnotes":""},"categories":[87],"tags":[1956,5705,2649,749],"class_list":["post-18665","post","type-post","status-publish","format-standard","hentry","category-actualidad","tag-antero-flores-araoz","tag-lori-berenson","tag-partido-orden","tag-turistamagazine"],"_links":{"self":[{"href":"https:\/\/www.turistamagazine.com\/v2\/index.php?rest_route=\/wp\/v2\/posts\/18665","targetHints":{"allow":["GET"]}}],"collection":[{"href":"https:\/\/www.turistamagazine.com\/v2\/index.php?rest_route=\/wp\/v2\/posts"}],"about":[{"href":"https:\/\/www.turistamagazine.com\/v2\/index.php?rest_route=\/wp\/v2\/types\/post"}],"author":[{"embeddable":true,"href":"https:\/\/www.turistamagazine.com\/v2\/index.php?rest_route=\/wp\/v2\/users\/1"}],"replies":[{"embeddable":true,"href":"https:\/\/www.turistamagazine.com\/v2\/index.php?rest_route=%2Fwp%2Fv2%2Fcomments&post=18665"}],"version-history":[{"count":3,"href":"https:\/\/www.turistamagazine.com\/v2\/index.php?rest_route=\/wp\/v2\/posts\/18665\/revisions"}],"predecessor-version":[{"id":18667,"href":"https:\/\/www.turistamagazine.com\/v2\/index.php?rest_route=\/wp\/v2\/posts\/18665\/revisions\/18667"}],"wp:attachment":[{"href":"https:\/\/www.turistamagazine.com\/v2\/index.php?rest_route=%2Fwp%2Fv2%2Fmedia&parent=18665"}],"wp:term":[{"taxonomy":"category","embeddable":true,"href":"https:\/\/www.turistamagazine.com\/v2\/index.php?rest_route=%2Fwp%2Fv2%2Fcategories&post=18665"},{"taxonomy":"post_tag","embeddable":true,"href":"https:\/\/www.turistamagazine.com\/v2\/index.php?rest_route=%2Fwp%2Fv2%2Ftags&post=18665"}],"curies":[{"name":"wp","href":"https:\/\/api.w.org\/{rel}","templated":true}]}}