{"id":18609,"date":"2015-12-15T13:13:56","date_gmt":"2015-12-15T18:13:56","guid":{"rendered":"http:\/\/www.turistamagazine.com\/v2\/?p=18609"},"modified":"2015-12-15T13:13:56","modified_gmt":"2015-12-15T18:13:56","slug":"ministerio-de-cultura-y-claro-presentan-libro-sobre-patrimonio-cultural-inmaterial-del-peru","status":"publish","type":"post","link":"https:\/\/www.turistamagazine.com\/v2\/?p=18609","title":{"rendered":"MINISTERIO DE CULTURA Y CLARO PRESENTAN LIBRO SOBRE \u201cPATRIMONIO CULTURAL INMATERIAL DEL PER\u00da\u201d"},"content":{"rendered":"<p style=\"text-align: center;\"><strong><em><span style=\"color: #000080;\">Obra ilustrada recoge m\u00e1s de 150 expresiones culturales que configuran la tradici\u00f3n e identidad de nuestros pueblos.<\/span><\/em><\/strong><\/p>\n<p style=\"text-align: justify;\">Contribuyendo con la promoci\u00f3n y puesta en valor de las diversas manifestaciones culturales que reflejan la vasta riqueza y diversidad cultural del pa\u00eds, el Ministerio de Cultura y CLARO presentaron Patrimonio Cultural Inmaterial del Per\u00fa, libro que por primera vez compendia las declaratorias de Patrimonio Cultural Inmaterial de la Naci\u00f3n.<\/p>\n<p style=\"text-align: justify;\">\u00a0La obra ilustrada recoge m\u00e1s de 150 expresiones culturales que configuran la tradici\u00f3n e identidad de diversos pueblos y comunidades de la costa, sierra y selva del pa\u00eds, y que han sido declaradas Patrimonio Cultural de la Naci\u00f3n.<\/p>\n<p style=\"text-align: justify;\">\u00a0La ministra de Cultura, Diana Alvarez-Calder\u00f3n, expres\u00f3 su satisfacci\u00f3n por la publicaci\u00f3n del primer libro que compendia las declaratorias de Patrimonio Cultural Inmaterial del Per\u00fa, el cual constituye \u201cun valioso documento para la conservaci\u00f3n de la memoria de nuestros pueblos\u201d.<\/p>\n<p style=\"text-align: justify;\">\u00a0Por su parte, el director general de CLARO, Humberto Ch\u00e1vez, indic\u00f3 que este libro busca destacar el trabajo conjunto de las comunidades y el Estado para la puesta en valor y divulgaci\u00f3n de valiosas pr\u00e1cticas y expresiones vivas de los pueblos del Per\u00fa. \u201cEste gran proyecto cierra nuestras acciones conmemorativas por los 10 a\u00f1os de Claro en el Per\u00fa y a trav\u00e9s del mismo queremos expresar nuestro reconocimiento hacia el pueblo peruano. Esperamos que la publicaci\u00f3n llegue al mayor p\u00fablico posible y que se sientan a\u00fan m\u00e1s orgullosos de la cultura que encierra este espl\u00e9ndido pa\u00eds\u201d, resalt\u00f3.(\u2026)<\/p>\n<p style=\"text-align: justify;\">F\/ Ministerio de Cultura<\/p>\n","protected":false},"excerpt":{"rendered":"<p>Obra ilustrada recoge m\u00e1s de 150 expresiones culturales que configuran la tradici\u00f3n e identidad de nuestros pueblos. Contribuyendo con la promoci\u00f3n y puesta en valor de las diversas manifestaciones culturales que reflejan la vasta riqueza y diversidad cultural del pa\u00eds, el Ministerio de Cultura y CLARO presentaron Patrimonio Cultural Inmaterial del Per\u00fa, libro que por primera vez compendia las declaratorias de Patrimonio Cultural Inmaterial de la Naci\u00f3n. \u00a0La obra ilustrada recoge m\u00e1s de 150 expresiones culturales que configuran la tradici\u00f3n e identidad de diversos pueblos y comunidades de la costa, sierra y selva del pa\u00eds, y que han sido declaradas&#8230;<\/p>\n","protected":false},"author":1,"featured_media":0,"comment_status":"open","ping_status":"open","sticky":false,"template":"","format":"standard","meta":{"footnotes":""},"categories":[4,82],"tags":[5696,850,5697,381,340,749],"class_list":["post-18609","post","type-post","status-publish","format-standard","hentry","category-breaking-news","category-nacionales","tag-claro","tag-diana-alvarez-calderon","tag-humberto-chavez","tag-ministerio-de-cultura","tag-peru","tag-turistamagazine"],"_links":{"self":[{"href":"https:\/\/www.turistamagazine.com\/v2\/index.php?rest_route=\/wp\/v2\/posts\/18609","targetHints":{"allow":["GET"]}}],"collection":[{"href":"https:\/\/www.turistamagazine.com\/v2\/index.php?rest_route=\/wp\/v2\/posts"}],"about":[{"href":"https:\/\/www.turistamagazine.com\/v2\/index.php?rest_route=\/wp\/v2\/types\/post"}],"author":[{"embeddable":true,"href":"https:\/\/www.turistamagazine.com\/v2\/index.php?rest_route=\/wp\/v2\/users\/1"}],"replies":[{"embeddable":true,"href":"https:\/\/www.turistamagazine.com\/v2\/index.php?rest_route=%2Fwp%2Fv2%2Fcomments&post=18609"}],"version-history":[{"count":2,"href":"https:\/\/www.turistamagazine.com\/v2\/index.php?rest_route=\/wp\/v2\/posts\/18609\/revisions"}],"predecessor-version":[{"id":18612,"href":"https:\/\/www.turistamagazine.com\/v2\/index.php?rest_route=\/wp\/v2\/posts\/18609\/revisions\/18612"}],"wp:attachment":[{"href":"https:\/\/www.turistamagazine.com\/v2\/index.php?rest_route=%2Fwp%2Fv2%2Fmedia&parent=18609"}],"wp:term":[{"taxonomy":"category","embeddable":true,"href":"https:\/\/www.turistamagazine.com\/v2\/index.php?rest_route=%2Fwp%2Fv2%2Fcategories&post=18609"},{"taxonomy":"post_tag","embeddable":true,"href":"https:\/\/www.turistamagazine.com\/v2\/index.php?rest_route=%2Fwp%2Fv2%2Ftags&post=18609"}],"curies":[{"name":"wp","href":"https:\/\/api.w.org\/{rel}","templated":true}]}}