{"id":1860,"date":"2014-02-18T08:27:37","date_gmt":"2014-02-18T13:27:37","guid":{"rendered":"http:\/\/www.turistamagazine.com\/v2\/?p=1860"},"modified":"2014-02-18T08:32:12","modified_gmt":"2014-02-18T13:32:12","slug":"vaticano-papa-francisco-tramito-cedula-de-identidad-y-pasaporte-argentino","status":"publish","type":"post","link":"https:\/\/www.turistamagazine.com\/v2\/?p=1860","title":{"rendered":"VATICANO: PAPA FRANCISCO TRAMIT\u00d3 C\u00c9DULA DE IDENTIDAD Y PASAPORTE ARGENTINO"},"content":{"rendered":"<p style=\"text-align: justify;\">El Papa Francisco tramit\u00f3 su nuevo documento de identidad y su nuevo pasaporte argentinos para viajar por el mundo con la documentaci\u00f3n que emplear\u00eda cualquiera de sus compatriotas.<\/p>\n<p style=\"text-align: justify;\">Jorge Bergoglio recibir\u00e1 en los pr\u00f3ximos d\u00edas sus documentos renovados \u00aben el Domus de Santa Marta en el Vaticano, donde declar\u00f3 residencia\u00bb, se\u00f1al\u00f3 el lunes en un comunicado el ministro del Interior y Transporte, Florencio Randazzo.<\/p>\n<p style=\"text-align: justify;\">\u00abSu Santidad se comunic\u00f3 con Juan Pablo Cafiero, nuestro embajador ante el Vaticano, y le inform\u00f3 que quer\u00eda seguir viajando por el mundo con el pasaporte argentino, por lo que el viernes pasado a trav\u00e9s del centro digital que tenemos funcionando en Roma se inici\u00f3 su tr\u00e1mite\u00bb, indic\u00f3 Randazzo.<\/p>\n<p style=\"text-align: justify;\">Cafiero dijo que el viernes acudi\u00f3 con otro funcionario de la embajada a la residencia del Papa en el Vaticano para hacerle los tr\u00e1mites de renovaci\u00f3n de los documentos. En el caso del pasaporte, el vencimiento estaba previsto en setiembre u octubre.<\/p>\n<p style=\"text-align: justify;\">El embajador dijo que el nuevo pasaporte del pont\u00edfice cumple con las nuevas medidas de seguridad requeridas en Argentina para ese tipo de documentaci\u00f3n.<\/p>\n<p style=\"text-align: justify;\">Cafiero tambi\u00e9n se\u00f1al\u00f3 que el Papa quer\u00eda tener su pasaporte listo \u00abpara viajar\u00bb y que insisti\u00f3 en pagarlo de su bolsillo. \u00ab\u00bfCu\u00e1nto debo?&#8217;, dijo el embajador que pregunt\u00f3 Bergoglio, quien no se acordaba del costo. La renovaci\u00f3n de un pasaporte en Argentina sale 400 pesos ($55) y la del DNI 35 pesos ($4,49).<\/p>\n<p style=\"text-align: justify;\">El ministro inform\u00f3 que Francisco pidi\u00f3 expresamente no gozar de ning\u00fan privilegio y que por tanto su nuevo Documento Nacional de Identidad y su pasaporte fueron tramitados bajo las v\u00edas administrativas normales.<\/p>\n<p style=\"text-align: justify;\">Los miembros de la embajada acudieron a la residencia del Pont\u00edfice con una computadora port\u00e1til del consulado argentino para hacer la foto y registrar la huella dactilar. El tr\u00e1mite dur\u00f3 15 minutos.<\/p>\n<p style=\"text-align: justify;\">La imagen en ambos documentos muestra a un Bergoglio con gesto serio.<\/p>\n<p style=\"text-align: justify;\">Randazzo destac\u00f3 el hecho de que a pesar de poder contar con un pasaporte expedido por el Vaticano el pont\u00edfice eligi\u00f3 renovar sus documentos \u00abpara viajar por el mundo en su tarea de m\u00e1ximo representante de la Iglesia Cat\u00f3lica con un documento de viaje como el de cualquier ciudadano argentino\u00bb.<\/p>\n<p style=\"text-align: justify;\">El gobierno ha instalado en las embajadas y consulados de Argentina en 49 pa\u00edses un sistema digital para que los argentinos puedan renovar los documentos de identidad. En varias de las sedes consulares existe tambi\u00e9n \u00bb tecnolog\u00eda de documentaci\u00f3n m\u00f3vil para casos en los que los compatriotas no pueden acercarse hasta la representaci\u00f3n argentina\u00bb. La F\/Naci\u00f3n.com<\/p>\n","protected":false},"excerpt":{"rendered":"<p>El Papa Francisco tramit\u00f3 su nuevo documento de identidad y su nuevo pasaporte argentinos para viajar por el mundo con la documentaci\u00f3n que emplear\u00eda cualquiera de sus compatriotas. Jorge Bergoglio recibir\u00e1 en los pr\u00f3ximos d\u00edas sus documentos renovados \u00aben el Domus de Santa Marta en el Vaticano, donde declar\u00f3 residencia\u00bb, se\u00f1al\u00f3 el lunes en un comunicado el ministro del Interior y Transporte, Florencio Randazzo. \u00abSu Santidad se comunic\u00f3 con Juan Pablo Cafiero, nuestro embajador ante el Vaticano, y le inform\u00f3 que quer\u00eda seguir viajando por el mundo con el pasaporte argentino, por lo que el viernes pasado a trav\u00e9s del&#8230;<\/p>\n","protected":false},"author":1,"featured_media":0,"comment_status":"open","ping_status":"open","sticky":false,"template":"","format":"standard","meta":{"footnotes":""},"categories":[4,84],"tags":[227,619,171,618],"class_list":["post-1860","post","type-post","status-publish","format-standard","hentry","category-breaking-news","category-internacionales","tag-argentina","tag-jorge-bergoglio","tag-papa-francisco","tag-pasaporte-argentino"],"_links":{"self":[{"href":"https:\/\/www.turistamagazine.com\/v2\/index.php?rest_route=\/wp\/v2\/posts\/1860","targetHints":{"allow":["GET"]}}],"collection":[{"href":"https:\/\/www.turistamagazine.com\/v2\/index.php?rest_route=\/wp\/v2\/posts"}],"about":[{"href":"https:\/\/www.turistamagazine.com\/v2\/index.php?rest_route=\/wp\/v2\/types\/post"}],"author":[{"embeddable":true,"href":"https:\/\/www.turistamagazine.com\/v2\/index.php?rest_route=\/wp\/v2\/users\/1"}],"replies":[{"embeddable":true,"href":"https:\/\/www.turistamagazine.com\/v2\/index.php?rest_route=%2Fwp%2Fv2%2Fcomments&post=1860"}],"version-history":[{"count":4,"href":"https:\/\/www.turistamagazine.com\/v2\/index.php?rest_route=\/wp\/v2\/posts\/1860\/revisions"}],"predecessor-version":[{"id":1871,"href":"https:\/\/www.turistamagazine.com\/v2\/index.php?rest_route=\/wp\/v2\/posts\/1860\/revisions\/1871"}],"wp:attachment":[{"href":"https:\/\/www.turistamagazine.com\/v2\/index.php?rest_route=%2Fwp%2Fv2%2Fmedia&parent=1860"}],"wp:term":[{"taxonomy":"category","embeddable":true,"href":"https:\/\/www.turistamagazine.com\/v2\/index.php?rest_route=%2Fwp%2Fv2%2Fcategories&post=1860"},{"taxonomy":"post_tag","embeddable":true,"href":"https:\/\/www.turistamagazine.com\/v2\/index.php?rest_route=%2Fwp%2Fv2%2Ftags&post=1860"}],"curies":[{"name":"wp","href":"https:\/\/api.w.org\/{rel}","templated":true}]}}