{"id":18448,"date":"2015-12-09T23:25:05","date_gmt":"2015-12-10T04:25:05","guid":{"rendered":"http:\/\/www.turistamagazine.com\/v2\/?p=18448"},"modified":"2015-12-09T23:25:05","modified_gmt":"2015-12-10T04:25:05","slug":"galeon-san-jose-experto-espanol-dice-que-hallazgo-nos-pertenece-a-todos","status":"publish","type":"post","link":"https:\/\/www.turistamagazine.com\/v2\/?p=18448","title":{"rendered":"GALE\u00d3N SAN JOS\u00c9: EXPERTO ESPA\u00d1OL DICE QUE HALLAZGO \u00abNOS PERTENECE A TODOS\u00bb"},"content":{"rendered":"<p style=\"text-align: justify;\">10\/11\/2015.- La Nave Capitana Gale\u00f3n San Jos\u00e9 fue hundida por un ca\u00f1onazo ingl\u00e9s durante la batalla de Bar\u00fa, en 1708 con un cargamento de oro y plata.<\/p>\n<p style=\"text-align: justify;\">El experto espa\u00f1ol en arqueolog\u00eda marina Miguel San Claudio dijo hoy que el hallazgo del gale\u00f3n San Jos\u00e9, hundido a comienzos del siglo XVIII en el Caribe y localizado en aguas colombianas, <strong><em><span style=\"color: #000080;\">\u00abnos pertenece a todos\u00bb<\/span><\/em><\/strong> y se mostr\u00f3 en desacuerdo con que las piezas rescatadas puedan ser comercializadas.<\/p>\n<p style=\"text-align: justify;\">\u00a0<strong><em><span style=\"color: #000080;\">Y si iba cargado de oro y plata seguro que era del \u00a0Tahuantinsuyo&#8230;<\/span><\/em><\/strong><\/p>\n<p style=\"text-align: justify;\">San Claudio se refiri\u00f3 al hallazgo del nav\u00edo cerca de Cartagena de Indias, anunciado el pasado fin de semana por el presidente colombiano, Juan Manuel Santos.<\/p>\n<p style=\"text-align: justify;\">A la pregunta de a qui\u00e9n pertenece el pecio, el experto dijo que \u00abnos pertenece a todos\u00bb y que no tiene mucho sentido decir que es \u00abde uno o de otro\u00bb por cuanto en la \u00e9poca en que se produjo el hundimiento \u00abtan espa\u00f1oles eran los que viv\u00edan a uno como a otro lado del Atl\u00e1ntico\u00bb. El experto defendi\u00f3 que el San Jos\u00e9, que estaba cargado de oro y plata y fue hundido por corsarios ingleses el 8 de junio de 1708, era \u00abbuque de Estado\u00bb porque era una nave \u00abcon una funci\u00f3n oficial, en este caso militar, y que no desarrollaba tareas comerciales\u00bb. Aclar\u00f3, sin embargo, que el hecho de que sea \u00abbuque de Estado\u00bb no significa que el cargamento, \u00ablo que parece que a todo el mundo le importa\u00bb, deba \u00abvenir precisamente a Espa\u00f1a\u00bb.<\/p>\n<div id=\"attachment_18450\" style=\"width: 640px\" class=\"wp-caption aligncenter\"><a href=\"https:\/\/www.turistamagazine.com\/v2\/wp-content\/uploads\/2015\/12\/Doblones-gale-San-Jos-2011184.jpg\"><img decoding=\"async\" aria-describedby=\"caption-attachment-18450\" class=\"size-full wp-image-18450\" title=\"Doblones- en el gale\u00f3n San Jos\u00e9\" src=\"https:\/\/www.turistamagazine.com\/v2\/wp-content\/uploads\/2015\/12\/Doblones-gale-San-Jos-2011184.jpg\" alt=\"\" width=\"630\" height=\"330\" \/><\/a><p id=\"caption-attachment-18450\" class=\"wp-caption-text\">Doblones- en el gale\u00f3n San Jos\u00e9<\/p><\/div>\n<p style=\"text-align: justify;\"><strong><em><span style=\"color: #000080;\">\u00abUn hallazgo de esta categor\u00eda es una oportunidad para todos. Es una oportunidad para reconocer un pasado com\u00fan al cual se le puede sacar partido\u00bb<\/span><\/em><\/strong>, dijo San Claudio.<\/p>\n<p style=\"text-align: justify;\">Abog\u00f3 por que los pa\u00edses no se enfrasquen en una disputa de a qui\u00e9n le pertenece el barco y subray\u00f3 que si hubiese un tesoro \u00abser\u00eda un bien cultural, no para ser vendido\u00bb y que \u00abno tiene sentido hablar de una pertenencia\u00bb, pues como bien cultural no puede ser comercializado.<\/p>\n<p style=\"text-align: justify;\">Opin\u00f3 que \u00abla mejor soluci\u00f3n\u00bb para este tema es que Espa\u00f1a y Colombia \u00abbusquen la v\u00eda de colaboraci\u00f3n y que entre todos podamos mostrar parte de nuestro pasado en com\u00fan\u00bb.<\/p>\n<p style=\"text-align: justify;\">Espa\u00f1a y Colombia acordaron ayer abordar por la v\u00eda diplom\u00e1tica la situaci\u00f3n desencadenada tras el hallazgo del San Jos\u00e9, asunto que tratar\u00e1n los cancilleres de ambos pa\u00edses, quienes coincidir\u00e1n el pr\u00f3ximo s\u00e1bado, justamente en Cartagena, en la reuni\u00f3n de ministros de Exteriores de Iberoam\u00e9rica.<\/p>\n<p style=\"text-align: justify;\">San Claudio consider\u00f3 adem\u00e1s que el gale\u00f3n, al estar en aguas colombianas debe ser gestionado por este pa\u00eds.<\/p>\n<p style=\"text-align: justify;\">Sin embargo, advirti\u00f3 que \u00abColombia tambi\u00e9n tiene que reconocer que ese gale\u00f3n es un pasado com\u00fan, ya no solo de los espa\u00f1oles sino del resto de las naciones con un pasado hist\u00f3rico com\u00fan iberoamericano\u00bb pues, seg\u00fan record\u00f3, la nave se dirig\u00eda a Cartagena procedente de la feria de Portobelo, en la actual Panam\u00e1. <strong><em><span style=\"color: #000080;\">\u00abNo se trata de decir el tesoro es m\u00edo, sino que es algo que tenemos, que es de todos, el cual lo podemos compartir\u00bb en determinadas condiciones \u00abpara motivos culturales\u00bb y museos,<\/span><\/em><\/strong> entre otros aspectos, se\u00f1al\u00f3<\/p>\n","protected":false},"excerpt":{"rendered":"<p>10\/11\/2015.- La Nave Capitana Gale\u00f3n San Jos\u00e9 fue hundida por un ca\u00f1onazo ingl\u00e9s durante la batalla de Bar\u00fa, en 1708 con un cargamento de oro y plata. El experto espa\u00f1ol en arqueolog\u00eda marina Miguel San Claudio dijo hoy que el hallazgo del gale\u00f3n San Jos\u00e9, hundido a comienzos del siglo XVIII en el Caribe y localizado en aguas colombianas, \u00abnos pertenece a todos\u00bb y se mostr\u00f3 en desacuerdo con que las piezas rescatadas puedan ser comercializadas. \u00a0Y si iba cargado de oro y plata seguro que era del \u00a0Tahuantinsuyo&#8230; San Claudio se refiri\u00f3 al hallazgo del nav\u00edo cerca de Cartagena&#8230;<\/p>\n","protected":false},"author":1,"featured_media":0,"comment_status":"open","ping_status":"open","sticky":false,"template":"","format":"standard","meta":{"footnotes":""},"categories":[87],"tags":[5659,206,5660,178,5658,1027,340,749],"class_list":["post-18448","post","type-post","status-publish","format-standard","hentry","category-actualidad","tag-batalla-de-baru","tag-colombia","tag-en-1708","tag-espana","tag-galeon-san-jose","tag-latinoamerica","tag-peru","tag-turistamagazine"],"_links":{"self":[{"href":"https:\/\/www.turistamagazine.com\/v2\/index.php?rest_route=\/wp\/v2\/posts\/18448","targetHints":{"allow":["GET"]}}],"collection":[{"href":"https:\/\/www.turistamagazine.com\/v2\/index.php?rest_route=\/wp\/v2\/posts"}],"about":[{"href":"https:\/\/www.turistamagazine.com\/v2\/index.php?rest_route=\/wp\/v2\/types\/post"}],"author":[{"embeddable":true,"href":"https:\/\/www.turistamagazine.com\/v2\/index.php?rest_route=\/wp\/v2\/users\/1"}],"replies":[{"embeddable":true,"href":"https:\/\/www.turistamagazine.com\/v2\/index.php?rest_route=%2Fwp%2Fv2%2Fcomments&post=18448"}],"version-history":[{"count":4,"href":"https:\/\/www.turistamagazine.com\/v2\/index.php?rest_route=\/wp\/v2\/posts\/18448\/revisions"}],"predecessor-version":[{"id":18454,"href":"https:\/\/www.turistamagazine.com\/v2\/index.php?rest_route=\/wp\/v2\/posts\/18448\/revisions\/18454"}],"wp:attachment":[{"href":"https:\/\/www.turistamagazine.com\/v2\/index.php?rest_route=%2Fwp%2Fv2%2Fmedia&parent=18448"}],"wp:term":[{"taxonomy":"category","embeddable":true,"href":"https:\/\/www.turistamagazine.com\/v2\/index.php?rest_route=%2Fwp%2Fv2%2Fcategories&post=18448"},{"taxonomy":"post_tag","embeddable":true,"href":"https:\/\/www.turistamagazine.com\/v2\/index.php?rest_route=%2Fwp%2Fv2%2Ftags&post=18448"}],"curies":[{"name":"wp","href":"https:\/\/api.w.org\/{rel}","templated":true}]}}