{"id":18357,"date":"2015-12-03T09:24:02","date_gmt":"2015-12-03T14:24:02","guid":{"rendered":"http:\/\/www.turistamagazine.com\/v2\/?p=18357"},"modified":"2015-12-03T09:24:02","modified_gmt":"2015-12-03T14:24:02","slug":"turistas-colombianos-dejan-de-necesitar-visa-para-la-zona-schengen","status":"publish","type":"post","link":"https:\/\/www.turistamagazine.com\/v2\/?p=18357","title":{"rendered":"TURISTAS COLOMBIANOS DEJAN DE NECESITAR VISA PARA LA ZONA SCHENGEN"},"content":{"rendered":"<p style=\"text-align: justify;\">03\/12 2015.- A partir de este jueves 3 de diciembre, los turistas colombianos podr\u00e1n entrar sin visa a 26 de los 28 pa\u00edses de la Uni\u00f3n Europea (UE) gracias a un acuerdo de exenci\u00f3n del visado Schengen entre el Gobierno de Colombia y la UE.<\/p>\n<p style=\"text-align: justify;\">El presidente de Colombia, Juan Manuel Santos, asistir\u00e1 este mi\u00e9rcoles en Bruselas a la firma de dicho acuerdo.<\/p>\n<p style=\"text-align: justify;\"><strong><em><span style=\"color: #000080;\">\u00abFinalmente vamos a firmar, los colombianos van a entrar a Europa a partir del jueves sin visa. Creo que esto para todos los colombianos es una felicidad total<\/span>\u00ab<\/em><\/strong>, dijo en Par\u00eds la ministra de Exteriores, Mar\u00eda \u00c1ngela Holgu\u00edn.<\/p>\n<p style=\"text-align: justify;\">\u00abLos ciudadanos colombianos podr\u00e1n realizar visitas de corta estad\u00eda con fines de turismo, visitas a amigos o familiares, asistencia a eventos o intercambios culturales y deportivos; reuniones de negocios, cubrimientos period\u00edsticos de medios de comunicaci\u00f3n, tratamientos m\u00e9dicos y estudios de corto plazo\u00bb, explic\u00f3 la canciller\u00eda en un comunicado.<\/p>\n<p style=\"text-align: justify;\">La eliminaci\u00f3n del visado para viajes de corta duraci\u00f3n, hasta de 90 d\u00edas, para colombianos y peruanos fue una iniciativa el presidente del Gobierno espa\u00f1ol, Mariano Rajoy, que tom\u00f3 forma el 10 de junio con un acuerdo previo suscrito en Bruselas.<\/p>\n<p style=\"text-align: justify;\">Con este acuerdo los turistas colombianos podr\u00e1n ingresar a, B\u00e9lgica, Bulgaria, Chipre, Croacia, Dinamarca, Eslovaquia, Eslovenia, Espa\u00f1a, Estonia, Finlandia, Francia, Grecia, Holanda, Hungr\u00eda, Italia, Letonia, Lituania, Luxemburgo, Malta, Polonia, Portugal, Rep\u00fablica Checa, Rumania y Suecia.<\/p>\n<p style=\"text-align: justify;\">Este beneficio no incluye ni al Reino Unido ni a Irlanda, pa\u00edses que forman parte de la UE pero no del espacio Schengen.<\/p>\n<p style=\"text-align: justify;\">La canciller\u00eda inform\u00f3 hoy de que Suiza, que es miembro de Schengen pero no de la Uni\u00f3n Europea, tampoco exigir\u00e1 visa a colombianos a partir de la firma del acuerdo.<\/p>\n<p style=\"text-align: justify;\">\u00abSuiza entra tambi\u00e9n. El mismo d\u00eda de la Schengen ya no vamos a necesitar visa porque llegamos a un acuerdo con los suizos\u00bb, avanz\u00f3 Holgu\u00edn a periodistas.<\/p>\n<p style=\"text-align: justify;\">La ministra explic\u00f3 que Suiza tom\u00f3 la decisi\u00f3n teniendo en cuenta que muchos viajeros del espacio Schengen optan por visitarlos y que ellos no solicitan visa a turistas europeos, por lo que ambos Gobiernos ya han hecho \u00abun canje de notas\u00bb para eliminar el requisito.<\/p>\n<p style=\"text-align: justify;\">\u00abNo creo que vaya a haber muchos problemas, Europa est\u00e1 en necesidad de turismo, est\u00e1 en necesidad por la situaci\u00f3n que est\u00e1n atravesando y yo creo que nos van a recibir bien\u00bb, afirm\u00f3 la ministra de Exteriores de Colombia.<\/p>\n","protected":false},"excerpt":{"rendered":"<p>03\/12 2015.- A partir de este jueves 3 de diciembre, los turistas colombianos podr\u00e1n entrar sin visa a 26 de los 28 pa\u00edses de la Uni\u00f3n Europea (UE) gracias a un acuerdo de exenci\u00f3n del visado Schengen entre el Gobierno de Colombia y la UE. El presidente de Colombia, Juan Manuel Santos, asistir\u00e1 este mi\u00e9rcoles en Bruselas a la firma de dicho acuerdo. \u00abFinalmente vamos a firmar, los colombianos van a entrar a Europa a partir del jueves sin visa. Creo que esto para todos los colombianos es una felicidad total\u00ab, dijo en Par\u00eds la ministra de Exteriores, Mar\u00eda \u00c1ngela&#8230;<\/p>\n","protected":false},"author":1,"featured_media":0,"comment_status":"open","ping_status":"open","sticky":false,"template":"","format":"standard","meta":{"footnotes":""},"categories":[4,84],"tags":[478,206,1027,2439,5506,749,4282,5078,5435],"class_list":["post-18357","post","type-post","status-publish","format-standard","hentry","category-breaking-news","category-internacionales","tag-mercados-emergentes","tag-colombia","tag-latinoamerica","tag-mercados-emisores","tag-schengen","tag-turistamagazine","tag-ue","tag-ver-todos","tag-visados-turisticos"],"_links":{"self":[{"href":"https:\/\/www.turistamagazine.com\/v2\/index.php?rest_route=\/wp\/v2\/posts\/18357","targetHints":{"allow":["GET"]}}],"collection":[{"href":"https:\/\/www.turistamagazine.com\/v2\/index.php?rest_route=\/wp\/v2\/posts"}],"about":[{"href":"https:\/\/www.turistamagazine.com\/v2\/index.php?rest_route=\/wp\/v2\/types\/post"}],"author":[{"embeddable":true,"href":"https:\/\/www.turistamagazine.com\/v2\/index.php?rest_route=\/wp\/v2\/users\/1"}],"replies":[{"embeddable":true,"href":"https:\/\/www.turistamagazine.com\/v2\/index.php?rest_route=%2Fwp%2Fv2%2Fcomments&post=18357"}],"version-history":[{"count":3,"href":"https:\/\/www.turistamagazine.com\/v2\/index.php?rest_route=\/wp\/v2\/posts\/18357\/revisions"}],"predecessor-version":[{"id":18360,"href":"https:\/\/www.turistamagazine.com\/v2\/index.php?rest_route=\/wp\/v2\/posts\/18357\/revisions\/18360"}],"wp:attachment":[{"href":"https:\/\/www.turistamagazine.com\/v2\/index.php?rest_route=%2Fwp%2Fv2%2Fmedia&parent=18357"}],"wp:term":[{"taxonomy":"category","embeddable":true,"href":"https:\/\/www.turistamagazine.com\/v2\/index.php?rest_route=%2Fwp%2Fv2%2Fcategories&post=18357"},{"taxonomy":"post_tag","embeddable":true,"href":"https:\/\/www.turistamagazine.com\/v2\/index.php?rest_route=%2Fwp%2Fv2%2Ftags&post=18357"}],"curies":[{"name":"wp","href":"https:\/\/api.w.org\/{rel}","templated":true}]}}