{"id":18337,"date":"2015-12-03T08:51:05","date_gmt":"2015-12-03T13:51:05","guid":{"rendered":"http:\/\/www.turistamagazine.com\/v2\/?p=18337"},"modified":"2015-12-03T08:51:05","modified_gmt":"2015-12-03T13:51:05","slug":"ahora-cada-pasaporte-biometrico-costaria-casi-30-dolares-para-los-peruanos","status":"publish","type":"post","link":"https:\/\/www.turistamagazine.com\/v2\/?p=18337","title":{"rendered":"AHORA CADA PASAPORTE BIOM\u00c9TRICO COSTAR\u00cdA CASI 30 D\u00d3LARES PARA LOS PERUANOS"},"content":{"rendered":"<p style=\"text-align: justify;\">3\/12\/2015.- Per\u00fa inici\u00f3 junto a Colombia el mismo proceso para la eliminaci\u00f3n de la visa Schengen en el primer semestre del 2014. Sin embargo, el pa\u00eds vecino\u00a0 ya tiene las puertas abiertas para ingresar a la Uni\u00f3n Europea tras haber acelerado la implementaci\u00f3n del pasaporte electr\u00f3nico.<\/p>\n<p style=\"text-align: justify;\">\u00a0Precisamente, el presidente de Colombia, Rafael Santos, firm\u00f3 ayer el acuerdo que elimina el requisito de la visa Schengen a los colombianos en la sede del Consejo Europeo en Bruselas (B\u00e9lgica).<\/p>\n<p style=\"text-align: justify;\">\u00a0De esta forma, los ciudadanos de ese pa\u00eds podr\u00e1n ingresar a 22 pa\u00edses de la Uni\u00f3n\u00a0 Europea para realizar viajes de corta duraci\u00f3n (90 d\u00edas) sin la necesidad de solicitar el documento.<\/p>\n<p style=\"text-align: justify;\"><strong><em>\u00a0<span style=\"color: #000080;\">\u00bfY qu\u00e9 pas\u00f3 con el Per\u00fa? Nuestro pa\u00eds a\u00fan no ha logrado firmar este acuerdo porque a\u00fan no se cuenta con el pasaporte electr\u00f3nico tambi\u00e9n llamado biom\u00e9trico. <\/span><\/em><\/strong><\/p>\n<p style=\"text-align: justify;\">\u00a0El ministro de Asuntos Exteriores y Cooperaci\u00f3n de Espa\u00f1a, Jos\u00e9 Manuel Garc\u00eda Margallo, consider\u00f3 que la firma de este acuerdo con el Per\u00fa \u00abse ha retrasado exclusivamente por razones t\u00e9cnicas, debido a las dificultades que nuestro pa\u00eds ha tenido para implementar el pasaporte\u00bb.<\/p>\n<p style=\"text-align: justify;\">\u00a0Sin embargo, el ministro del Interior, Jos\u00e9 Luis P\u00e9rez Guadalupe, neg\u00f3 que el Per\u00fa est\u00e9 retrasado, pues no existe un tiempo l\u00edmite que haya fijado\u00a0 la Uni\u00f3n Europea. \u00abSon dos procesos distintos\u00bb, se\u00f1al\u00f3.<\/p>\n<p style=\"text-align: justify;\">\u00a0En el caso de Colombia ellos ten\u00edan la ventaja de contar con un sistema y un hardware. En nuestro caso, los sistemas y equipos que tenemos son obsoletos, raz\u00f3n por lo que se ha tenido que empezar desde cero.<\/p>\n<p style=\"text-align: justify;\">\u00a0En febrero del 2016 se emitir\u00e1n los primeros 5 mil pasaportes biom\u00e9tricos en Lima. El consorcio franco holand\u00e9s Gemalto e Imprimerie Nationale se encargar\u00e1 de emitir un mill\u00f3n 200 mil pasaportes biom\u00e9tricos en un plazo de tres a\u00f1os.<\/p>\n<p style=\"text-align: justify;\"><strong><em>Costar\u00e1 30 d\u00f3lares<\/em><\/strong><\/p>\n<p style=\"text-align: justify;\">Un factor determinante para que este consorcio gane la concesi\u00f3n fue su propuesta econ\u00f3mica, con la que el Estado se ahorrar\u00e1 32 millones de soles.<\/p>\n<p style=\"text-align: justify;\">\u00a0El precio referencial que lanz\u00f3 Migraciones en el proceso fue de 134 millones de soles para un mill\u00f3n 200 mil pasaportes biom\u00e9tricos. Sin embargo, el postor ofreci\u00f3 102 millones de soles por este trabajo. Es decir, 32 millones de soles menos.<\/p>\n<p style=\"text-align: justify;\"><span style=\"color: #000080;\"><strong><em>\u00a0AHORA CADA PASAPORTE BIOM\u00c9TRICO COSTAR\u00cdA CASI 30 D\u00d3LARES.<\/em><\/strong><\/span><\/p>\n<p style=\"text-align: justify;\">\u00a0El superintendente de Migraciones, Boris Potoz\u00e9n, destac\u00f3 que este precio es el m\u00e1s bajo en el mercado. En Chile es de 130 d\u00f3lares,\u00a0 Argentina 40 y en Venezuela 234. Dijo que el pasaporte biom\u00e9trico tendr\u00e1 altas medidas de seguridad.<\/p>\n<p style=\"text-align: justify;\">\u00a0La Canciller\u00eda evaluar\u00e1 el pr\u00f3ximo lunes las caracter\u00edsticas de este pasaporte para que la emisi\u00f3n sea id\u00e9ntica al que elaborar\u00e1 Migraciones.<\/p>\n<p style=\"text-align: justify;\"><span style=\"color: #000080;\"><em><strong>Documento. El primer pasaporte electr\u00f3nico lleva como imagen el rostro de Juan Diego Fl\u00f3rez<\/strong><\/em><\/span><\/p>\n<p><strong><em>\u00a0<\/em><\/strong><\/p>\n","protected":false},"excerpt":{"rendered":"<p>3\/12\/2015.- Per\u00fa inici\u00f3 junto a Colombia el mismo proceso para la eliminaci\u00f3n de la visa Schengen en el primer semestre del 2014. Sin embargo, el pa\u00eds vecino\u00a0 ya tiene las puertas abiertas para ingresar a la Uni\u00f3n Europea tras haber acelerado la implementaci\u00f3n del pasaporte electr\u00f3nico. \u00a0Precisamente, el presidente de Colombia, Rafael Santos, firm\u00f3 ayer el acuerdo que elimina el requisito de la visa Schengen a los colombianos en la sede del Consejo Europeo en Bruselas (B\u00e9lgica). \u00a0De esta forma, los ciudadanos de ese pa\u00eds podr\u00e1n ingresar a 22 pa\u00edses de la Uni\u00f3n\u00a0 Europea para realizar viajes de corta duraci\u00f3n&#8230;<\/p>\n","protected":false},"author":1,"featured_media":0,"comment_status":"open","ping_status":"open","sticky":false,"template":"","format":"standard","meta":{"footnotes":""},"categories":[4,82],"tags":[321,437,340,749,435],"class_list":["post-18337","post","type-post","status-publish","format-standard","hentry","category-breaking-news","category-nacionales","tag-lima","tag-pasaporte-electronico","tag-peru","tag-turistamagazine","tag-visa-schengen"],"_links":{"self":[{"href":"https:\/\/www.turistamagazine.com\/v2\/index.php?rest_route=\/wp\/v2\/posts\/18337","targetHints":{"allow":["GET"]}}],"collection":[{"href":"https:\/\/www.turistamagazine.com\/v2\/index.php?rest_route=\/wp\/v2\/posts"}],"about":[{"href":"https:\/\/www.turistamagazine.com\/v2\/index.php?rest_route=\/wp\/v2\/types\/post"}],"author":[{"embeddable":true,"href":"https:\/\/www.turistamagazine.com\/v2\/index.php?rest_route=\/wp\/v2\/users\/1"}],"replies":[{"embeddable":true,"href":"https:\/\/www.turistamagazine.com\/v2\/index.php?rest_route=%2Fwp%2Fv2%2Fcomments&post=18337"}],"version-history":[{"count":3,"href":"https:\/\/www.turistamagazine.com\/v2\/index.php?rest_route=\/wp\/v2\/posts\/18337\/revisions"}],"predecessor-version":[{"id":18341,"href":"https:\/\/www.turistamagazine.com\/v2\/index.php?rest_route=\/wp\/v2\/posts\/18337\/revisions\/18341"}],"wp:attachment":[{"href":"https:\/\/www.turistamagazine.com\/v2\/index.php?rest_route=%2Fwp%2Fv2%2Fmedia&parent=18337"}],"wp:term":[{"taxonomy":"category","embeddable":true,"href":"https:\/\/www.turistamagazine.com\/v2\/index.php?rest_route=%2Fwp%2Fv2%2Fcategories&post=18337"},{"taxonomy":"post_tag","embeddable":true,"href":"https:\/\/www.turistamagazine.com\/v2\/index.php?rest_route=%2Fwp%2Fv2%2Ftags&post=18337"}],"curies":[{"name":"wp","href":"https:\/\/api.w.org\/{rel}","templated":true}]}}