{"id":1810,"date":"2014-02-17T09:16:50","date_gmt":"2014-02-17T14:16:50","guid":{"rendered":"http:\/\/www.turistamagazine.com\/v2\/?p=1810"},"modified":"2014-02-17T09:16:50","modified_gmt":"2014-02-17T14:16:50","slug":"peru-lamenta-violencia-en-venezuela-e-invoca-al-dialogo-para-reestablecer-paz-social","status":"publish","type":"post","link":"https:\/\/www.turistamagazine.com\/v2\/?p=1810","title":{"rendered":"PER\u00da: LAMENTA VIOLENCIA EN VENEZUELA E INVOCA AL DI\u00c1LOGO PARA REESTABLECER PAZ SOCIAL"},"content":{"rendered":"<p style=\"text-align: justify;\">Lima.- El Gobierno del Per\u00fa expres\u00f3 hoy su preocupaci\u00f3n por los hechos de violencia registrados en Venezuela y formul\u00f3 un llamado al di\u00e1logo entre el gobierno y la oposici\u00f3n venezolana a fin de restablecer la paz social en ese pa\u00eds, en un marco de legalidad y tolerancia.<\/p>\n<p style=\"text-align: justify;\">\u00abEl Gobierno del Per\u00fa expresa su preocupaci\u00f3n por los hechos de violencia ocurridos en la hermana Rep\u00fablica Bolivariana de Venezuela el pasado 12 de febrero y lamenta profundamente el fallecimiento de tres personas y varias otras heridas que resultaron en estos sucesos\u00bb, afirma un comunicado del Ministerio de Relaciones Exteriores.<\/p>\n<p style=\"text-align: justify;\">\u00a0Asimismo, el comunicado transmite al pueblo y al gobierno de ese pa\u00eds las condolencias del Per\u00fa, en especial a los deudos de las v\u00edctimas.<\/p>\n<p style=\"text-align: justify;\">\u00a0\u00abEl Gobierno peruano formula sus m\u00e1s fervientes votos para el pleno restablecimiento de la paz social en todo el pa\u00eds, en un marco de legalidad y tolerancia\u00bb, indica.<\/p>\n<p style=\"text-align: justify;\">\u00a0\u00abEl Per\u00fa hace un fraterno llamado al di\u00e1logo franco y transparente entre los diferentes grupos pol\u00edticos venezolanos, en un marco de pleno respeto a los principios y libertades democr\u00e1ticas, indispensables para la estabilidad, el desarrollo y la paz a que tienen derecho los pueblos\u00bb, concluye.<\/p>\n<p style=\"text-align: justify;\">F\/ Andina<\/p>\n","protected":false},"excerpt":{"rendered":"<p>Lima.- El Gobierno del Per\u00fa expres\u00f3 hoy su preocupaci\u00f3n por los hechos de violencia registrados en Venezuela y formul\u00f3 un llamado al di\u00e1logo entre el gobierno y la oposici\u00f3n venezolana a fin de restablecer la paz social en ese pa\u00eds, en un marco de legalidad y tolerancia. \u00abEl Gobierno del Per\u00fa expresa su preocupaci\u00f3n por los hechos de violencia ocurridos en la hermana Rep\u00fablica Bolivariana de Venezuela el pasado 12 de febrero y lamenta profundamente el fallecimiento de tres personas y varias otras heridas que resultaron en estos sucesos\u00bb, afirma un comunicado del Ministerio de Relaciones Exteriores. \u00a0Asimismo, el comunicado&#8230;<\/p>\n","protected":false},"author":1,"featured_media":0,"comment_status":"open","ping_status":"open","sticky":false,"template":"","format":"standard","meta":{"footnotes":""},"categories":[4,82],"tags":[591,340,151,590],"class_list":["post-1810","post","type-post","status-publish","format-standard","hentry","category-breaking-news","category-nacionales","tag-el-gobierno-del-peru-formula-sus-mas-fervientes-votos-para-elrestablecimiento-de-la-paz-social","tag-peru","tag-venezuela","tag-violencia-en-venezuela"],"_links":{"self":[{"href":"https:\/\/www.turistamagazine.com\/v2\/index.php?rest_route=\/wp\/v2\/posts\/1810","targetHints":{"allow":["GET"]}}],"collection":[{"href":"https:\/\/www.turistamagazine.com\/v2\/index.php?rest_route=\/wp\/v2\/posts"}],"about":[{"href":"https:\/\/www.turistamagazine.com\/v2\/index.php?rest_route=\/wp\/v2\/types\/post"}],"author":[{"embeddable":true,"href":"https:\/\/www.turistamagazine.com\/v2\/index.php?rest_route=\/wp\/v2\/users\/1"}],"replies":[{"embeddable":true,"href":"https:\/\/www.turistamagazine.com\/v2\/index.php?rest_route=%2Fwp%2Fv2%2Fcomments&post=1810"}],"version-history":[{"count":2,"href":"https:\/\/www.turistamagazine.com\/v2\/index.php?rest_route=\/wp\/v2\/posts\/1810\/revisions"}],"predecessor-version":[{"id":1812,"href":"https:\/\/www.turistamagazine.com\/v2\/index.php?rest_route=\/wp\/v2\/posts\/1810\/revisions\/1812"}],"wp:attachment":[{"href":"https:\/\/www.turistamagazine.com\/v2\/index.php?rest_route=%2Fwp%2Fv2%2Fmedia&parent=1810"}],"wp:term":[{"taxonomy":"category","embeddable":true,"href":"https:\/\/www.turistamagazine.com\/v2\/index.php?rest_route=%2Fwp%2Fv2%2Fcategories&post=1810"},{"taxonomy":"post_tag","embeddable":true,"href":"https:\/\/www.turistamagazine.com\/v2\/index.php?rest_route=%2Fwp%2Fv2%2Ftags&post=1810"}],"curies":[{"name":"wp","href":"https:\/\/api.w.org\/{rel}","templated":true}]}}