{"id":17959,"date":"2015-11-18T22:10:36","date_gmt":"2015-11-19T03:10:36","guid":{"rendered":"http:\/\/www.turistamagazine.com\/v2\/?p=17959"},"modified":"2015-11-18T22:14:50","modified_gmt":"2015-11-19T03:14:50","slug":"a-los-toros-de-toros-y-gallos-i","status":"publish","type":"post","link":"https:\/\/www.turistamagazine.com\/v2\/?p=17959","title":{"rendered":"\u00a1A LOS TOROS!&#8230; DE TOROS Y GALLOS (I)"},"content":{"rendered":"<p style=\"text-align: center;\"><strong><span style=\"color: #000080;\">EL TURISMO QUE VIENE, A EXAMEN<\/span><\/strong><\/p>\n<p style=\"text-align: justify;\" align=\"center\"><strong>\u00a0<\/strong>Por<strong>.\u00a0<\/strong>Antonio-Pedro Tejera Reyes*<\/p>\n<p style=\"text-align: justify;\" align=\"center\">\u00a0Un art\u00edculo firmado por Pedro Manuel L\u00f3pez Toledo, publicado en el digital de \u201cLa Provincia\u201d, Las Palmas de Gran Canaria, trata sobre la afici\u00f3n a la fiesta de los toros, del ex presidente de Gobierno de Canarias, Lorenzo Olarte Cullen, una faceta del se\u00f1alado pol\u00edtico que desconoc\u00edamos.<\/p>\n<p style=\"text-align: justify;\">Con Lorenzo Olarte, hemos tenido ocasi\u00f3n de sostener alguna larga conversaci\u00f3n sobre temas pol\u00edticos en los cuales, tengo que reconocer, coincid\u00edamos en muchos de sus planteamientos, si bien en lo personal mi relaci\u00f3n con \u00e9l no tiene recuerdos muy halag\u00fce\u00f1os, ya que siendo presidente del Cabildo de Gran Canaria, apoyo una gesti\u00f3n manipulada para acabar con mi Escuela de Turismode Las Palmas, la cual resisti\u00f3 \u201ccontra viento y marea\u201d, esta y otras tropel\u00edas contra dicha entidad privada, hasta que hace unos pocos a\u00f1os un ladino personaje plenamente identificado, acab\u00f3 \u201cin misericorde\u201d con ella, despu\u00e9s de mas de cuarenta a\u00f1os formando t\u00e9cnicos en turismo que se cuentan por cientos, y que est\u00e1n desplegados no solo por todo el Archipi\u00e9lago Canario, sino por el mundo entero. La historia es incontrovertible.<\/p>\n<p style=\"text-align: justify;\">Con este necesario pre\u00e1mbulo vamos a entrarle de lleno al tema de las corridas de toros y la incre\u00edble prohibici\u00f3n de las mismas, decretado por el Parlamento de las Islas Canarias.<\/p>\n<p style=\"text-align: justify;\">Desde que se conoci\u00f3 la prohibici\u00f3n del citado espect\u00e1culo en las islas, hemos tenido la inquietud de \u201cromper una lanza\u201d con este comentario que es, sin dudarlo, contrario a esta determinaci\u00f3n que no logramos entender a quienes beneficia, a pesar de que le hab\u00edamos dado tiempo al tema a ver si descubr\u00edamos el fondo de la cuesti\u00f3n.<\/p>\n<p style=\"text-align: justify;\">Las corridas de toros son en el mundo, no solo una fiesta popular, sino un atractivo poderoso para el turismo que tiene oportunidad de acudir a una de las plazas donde se celebran. Apartando alguna an\u00e9cdota de la que fuimos principales actores durante el Congreso Mundial de las Skal Club, en Canarias, a\u00f1o 1963, son cientos las oportunidades que tenemos para referirnos a ellas como un espect\u00e1culo acogido con sumo inter\u00e9s, curiosidad y alegr\u00eda por el turismo, que goza viendo toda su parafernalia, la cual es todo un rito ancestral que se ha impuesto como una obligaci\u00f3n en la programaci\u00f3n de las estancias tur\u00edsticas, en los lugares que tiene la suerte de tener su plaza de toros. Otra cosa ser\u00eda el comentar si estamos de acuerdo o no, con toda su forma y desarrollo.<\/p>\n<div id=\"attachment_17961\" style=\"width: 586px\" class=\"wp-caption aligncenter\"><a href=\"https:\/\/www.turistamagazine.com\/v2\/wp-content\/uploads\/2015\/11\/bg1.jpg\"><img decoding=\"async\" aria-describedby=\"caption-attachment-17961\" class=\" wp-image-17961 \" title=\"El famoso y colorido paseillo- www.plazaacho.com-\" src=\"https:\/\/www.turistamagazine.com\/v2\/wp-content\/uploads\/2015\/11\/bg1.jpg\" alt=\"\" width=\"576\" height=\"268\" \/><\/a><p id=\"caption-attachment-17961\" class=\"wp-caption-text\">El famoso y colorido paseillo- www.plazaacho.com-<\/p><\/div>\n<p style=\"text-align: justify;\">Ah\u00ed est\u00e1 el torero que se juega la vida, ante un animal \u2013 que no tiene nada de \u201canimal de compa\u00f1\u00eda\u201d \u2013 y que al final remata, suponemos que al igual, o parecido, que si lo hicieran en un matadero. Toros criados para dar ese espect\u00e1culo y hombre y mujeres (Cristina S\u00e1nchez) que se prestan a ello de forma decidida despu\u00e9s de una larga preparaci\u00f3n y un dif\u00edcil camino para llegar a poder enfrentarse a un toro ante una multitud sedienta del espec-t\u00e1culo que abarrota las plazas en todo el mundo. No, no eluden este espect\u00e1culo los ingleses, alemanes o n\u00f3rdicos europeos. Creerse esto es estar completamente mal informados. Lo sabemos de sobra.<\/p>\n<p style=\"text-align: justify;\">Que ha existido una cuesti\u00f3n pol\u00edtica en alguna regi\u00f3n de Espa\u00f1a para suprimir las corridas de toros, es una realidad como la copa de un pino, pero que eso se haya transportado a Canarias, tiene que tener obligatoriamente alguna otra raz\u00f3n que no hemos podido descubrir. El cuento de hacer padecer al animal, no pega ni con cola.<\/p>\n<p style=\"text-align: justify;\">\u00a0La prueba fundamental de todo este desatino e incongruencia, la tenemos en las peleas de gallos.<\/p>\n<p style=\"text-align: justify;\">\u00a0Durante algunos a\u00f1os asist\u00edamos los lunes \u2013 las peleas de gallos eran los domingos &#8211; en la oficina donde prest\u00e1bamos nuestros servicios, a los comentarios sobre las peleas de gallos entre La Espuela y El Norte. Eran &#8211; \u00bfTodav\u00eda lo son? &#8211; Los dos \u201cpartidos\u201d de gallos principales en Tenerife. Por pura curiosidad asistimos una vez, a una pelea de esos enfrentamientos junto a unos amigos \u201cgalleros\u201d y tuvimos la oportunidad de ver como se apostaban grandes cantidades de pesetas alrededor de una pelea de dos pobres animalitos que se despedazaban, algunas veces hasta la muerte, con unas espuelas artificiales\u2026 No volvimos a ir a una pelea de gallos.<\/p>\n<div id=\"attachment_17963\" style=\"width: 434px\" class=\"wp-caption aligncenter\"><a href=\"https:\/\/www.turistamagazine.com\/v2\/wp-content\/uploads\/2015\/11\/SAM_1153.jpg\"><img decoding=\"async\" aria-describedby=\"caption-attachment-17963\" class=\"size-full wp-image-17963\" title=\"Cuadro de pelea de gallos donde se nota la fiereza de estos animalitos\" src=\"https:\/\/www.turistamagazine.com\/v2\/wp-content\/uploads\/2015\/11\/SAM_1153.jpg\" alt=\"\" width=\"424\" height=\"604\" \/><\/a><p id=\"caption-attachment-17963\" class=\"wp-caption-text\">Cuadro de pelea de gallos donde se nota la fiereza de estos animalitos<\/p><\/div>\n<p style=\"text-align: justify;\">Somos a trav\u00e9s de toda nuestra vida amigos de los animales. Hemos tenido durante muchos a\u00f1os palomas mensajeras y de las otras. Gallinas, patos, pericos, perros, gatos\u2026<\/p>\n<p style=\"text-align: justify;\">Si bien una corrida de toros pudiera parecer un ensa\u00f1amiento con el animal \u2013 que en alguna de sus \u201csuertes\u201d lo es \u2013 nunca podr\u00e1 compararse con lo que ocurre en una pelea de gallos donde dos pobres animalitos se despedazan \u2013 insistimos &#8211; ante un \u201cemocionado\u201d p\u00fablico que se juega sus dineros apostando por \u201cel melado\u201d o por su contrincante\u00a0 \u00bfNo se habr\u00e1 enterado de esto el Parlamento de Canarias? \u00bfC\u00f3mo es que se proh\u00edben\u00a0 las corridas de toros y se aceptan las peleas de gallos? \u00bfTiene esto alguna explicaci\u00f3n plausible? Ustedes me dir\u00e1n\u2026<\/p>\n<p style=\"text-align: justify;\">\u00a0*(Del Grupo de Expertos dela Organizaci\u00f3n Mundial del Turismo. ONU)<\/p>\n<p>&nbsp;<\/p>\n<p>Foto de portda\/wikipedia.org<\/p>\n<p>&nbsp;<\/p>\n","protected":false},"excerpt":{"rendered":"<p>EL TURISMO QUE VIENE, A EXAMEN \u00a0Por.\u00a0Antonio-Pedro Tejera Reyes* \u00a0Un art\u00edculo firmado por Pedro Manuel L\u00f3pez Toledo, publicado en el digital de \u201cLa Provincia\u201d, Las Palmas de Gran Canaria, trata sobre la afici\u00f3n a la fiesta de los toros, del ex presidente de Gobierno de Canarias, Lorenzo Olarte Cullen, una faceta del se\u00f1alado pol\u00edtico que desconoc\u00edamos. Con Lorenzo Olarte, hemos tenido ocasi\u00f3n de sostener alguna larga conversaci\u00f3n sobre temas pol\u00edticos en los cuales, tengo que reconocer, coincid\u00edamos en muchos de sus planteamientos, si bien en lo personal mi relaci\u00f3n con \u00e9l no tiene recuerdos muy halag\u00fce\u00f1os, ya que siendo presidente&#8230;<\/p>\n","protected":false},"author":1,"featured_media":17964,"comment_status":"open","ping_status":"open","sticky":false,"template":"","format":"standard","meta":{"footnotes":""},"categories":[85],"tags":[284,5543,561,321,5544,2418,749],"class_list":["post-17959","post","type-post","status-publish","format-standard","has-post-thumbnail","hentry","category-colum-invitados","tag-antonio-pedro-tejera-reyes","tag-corrida-de-toros","tag-islas-canarias","tag-lima","tag-peleas-de-gallos","tag-plaza-de-acho","tag-turistamagazine"],"_links":{"self":[{"href":"https:\/\/www.turistamagazine.com\/v2\/index.php?rest_route=\/wp\/v2\/posts\/17959","targetHints":{"allow":["GET"]}}],"collection":[{"href":"https:\/\/www.turistamagazine.com\/v2\/index.php?rest_route=\/wp\/v2\/posts"}],"about":[{"href":"https:\/\/www.turistamagazine.com\/v2\/index.php?rest_route=\/wp\/v2\/types\/post"}],"author":[{"embeddable":true,"href":"https:\/\/www.turistamagazine.com\/v2\/index.php?rest_route=\/wp\/v2\/users\/1"}],"replies":[{"embeddable":true,"href":"https:\/\/www.turistamagazine.com\/v2\/index.php?rest_route=%2Fwp%2Fv2%2Fcomments&post=17959"}],"version-history":[{"count":5,"href":"https:\/\/www.turistamagazine.com\/v2\/index.php?rest_route=\/wp\/v2\/posts\/17959\/revisions"}],"predecessor-version":[{"id":17968,"href":"https:\/\/www.turistamagazine.com\/v2\/index.php?rest_route=\/wp\/v2\/posts\/17959\/revisions\/17968"}],"wp:featuredmedia":[{"embeddable":true,"href":"https:\/\/www.turistamagazine.com\/v2\/index.php?rest_route=\/wp\/v2\/media\/17964"}],"wp:attachment":[{"href":"https:\/\/www.turistamagazine.com\/v2\/index.php?rest_route=%2Fwp%2Fv2%2Fmedia&parent=17959"}],"wp:term":[{"taxonomy":"category","embeddable":true,"href":"https:\/\/www.turistamagazine.com\/v2\/index.php?rest_route=%2Fwp%2Fv2%2Fcategories&post=17959"},{"taxonomy":"post_tag","embeddable":true,"href":"https:\/\/www.turistamagazine.com\/v2\/index.php?rest_route=%2Fwp%2Fv2%2Ftags&post=17959"}],"curies":[{"name":"wp","href":"https:\/\/api.w.org\/{rel}","templated":true}]}}