{"id":1795,"date":"2014-02-17T09:11:37","date_gmt":"2014-02-17T14:11:37","guid":{"rendered":"http:\/\/www.turistamagazine.com\/v2\/?p=1795"},"modified":"2014-02-17T09:11:37","modified_gmt":"2014-02-17T14:11:37","slug":"peru-promperu-37-profesionales-de-turismo-participaran-en-la-feria-itb-berlin-2014","status":"publish","type":"post","link":"https:\/\/www.turistamagazine.com\/v2\/?p=1795","title":{"rendered":"PERU: PROMPER\u00da: 37 PROFESIONALES DE TURISMO PARTICIPAR\u00c1N EN LA FERIA ITB BERL\u00cdN 2014"},"content":{"rendered":"<p style=\"text-align: justify;\">Lima.- \u00a0Un total de 37 profesionales peruanos participar\u00e1n en la ITB Berl\u00edn 2014, la feria de turismo m\u00e1s importante de Alemania, inform\u00f3 la Comisi\u00f3n de Promoci\u00f3n del Per\u00fa para la Exportaci\u00f3n y Turismo (Promper\u00fa). Per\u00fa participar\u00e1 en la feria del sector turismo m\u00e1s importante de Alemania. El evento se realizar\u00e1 del 5 al 9 de marzo del presente a\u00f1o.<\/p>\n<p style=\"text-align: justify;\">El objetivo de participar de este encuentro es impulsar nuevos productos tur\u00edsticos ante un p\u00fablico internacional, se busca adem\u00e1s, demostrar que Per\u00fa puede entrar en competencia con los mejores destinos del planeta.\u00a0 En la edici\u00f3n 2013, ITB Berl\u00edn cont\u00f3 con la asistencia de personas, de los cuales el 65 por ciento lo conformaba los profesionales del \u00e1mbito tur\u00edstico. M\u00e1s de 10,000 expositores participaron promoviendo 188 destinos en la 47\u00b0 edici\u00f3n de la feria, que el a\u00f1o pasado tuvo como pa\u00eds invitado a Indonesia y recibi\u00f3\u00a0 e 163 295 y Visitantes profesionales: 101 896<\/p>\n<p style=\"text-align: justify;\"><strong><em><span style=\"color: #000080;\">Ciertamente, es la Feria de Turismo m\u00e1s importante del mundo, adem\u00e1s muy bien organizada, \u00a0adem\u00e1s los berlineses son incre\u00edblemente amables\u2026 aunque Ud. no lo crea&#8230;<\/span><\/em><\/strong><\/p>\n<p>F Andina \/ foto\/ inernet<\/p>\n","protected":false},"excerpt":{"rendered":"<p>Lima.- \u00a0Un total de 37 profesionales peruanos participar\u00e1n en la ITB Berl\u00edn 2014, la feria de turismo m\u00e1s importante de Alemania, inform\u00f3 la Comisi\u00f3n de Promoci\u00f3n del Per\u00fa para la Exportaci\u00f3n y Turismo (Promper\u00fa). Per\u00fa participar\u00e1 en la feria del sector turismo m\u00e1s importante de Alemania. El evento se realizar\u00e1 del 5 al 9 de marzo del presente a\u00f1o. El objetivo de participar de este encuentro es impulsar nuevos productos tur\u00edsticos ante un p\u00fablico internacional, se busca adem\u00e1s, demostrar que Per\u00fa puede entrar en competencia con los mejores destinos del planeta.\u00a0 En la edici\u00f3n 2013, ITB Berl\u00edn cont\u00f3 con la&#8230;<\/p>\n","protected":false},"author":1,"featured_media":0,"comment_status":"open","ping_status":"open","sticky":false,"template":"","format":"standard","meta":{"footnotes":""},"categories":[4,82],"tags":[494,433,588,589],"class_list":["post-1795","post","type-post","status-publish","format-standard","hentry","category-breaking-news","category-nacionales","tag-alemania","tag-berlin","tag-itb","tag-itb-berlin"],"_links":{"self":[{"href":"https:\/\/www.turistamagazine.com\/v2\/index.php?rest_route=\/wp\/v2\/posts\/1795","targetHints":{"allow":["GET"]}}],"collection":[{"href":"https:\/\/www.turistamagazine.com\/v2\/index.php?rest_route=\/wp\/v2\/posts"}],"about":[{"href":"https:\/\/www.turistamagazine.com\/v2\/index.php?rest_route=\/wp\/v2\/types\/post"}],"author":[{"embeddable":true,"href":"https:\/\/www.turistamagazine.com\/v2\/index.php?rest_route=\/wp\/v2\/users\/1"}],"replies":[{"embeddable":true,"href":"https:\/\/www.turistamagazine.com\/v2\/index.php?rest_route=%2Fwp%2Fv2%2Fcomments&post=1795"}],"version-history":[{"count":3,"href":"https:\/\/www.turistamagazine.com\/v2\/index.php?rest_route=\/wp\/v2\/posts\/1795\/revisions"}],"predecessor-version":[{"id":1809,"href":"https:\/\/www.turistamagazine.com\/v2\/index.php?rest_route=\/wp\/v2\/posts\/1795\/revisions\/1809"}],"wp:attachment":[{"href":"https:\/\/www.turistamagazine.com\/v2\/index.php?rest_route=%2Fwp%2Fv2%2Fmedia&parent=1795"}],"wp:term":[{"taxonomy":"category","embeddable":true,"href":"https:\/\/www.turistamagazine.com\/v2\/index.php?rest_route=%2Fwp%2Fv2%2Fcategories&post=1795"},{"taxonomy":"post_tag","embeddable":true,"href":"https:\/\/www.turistamagazine.com\/v2\/index.php?rest_route=%2Fwp%2Fv2%2Ftags&post=1795"}],"curies":[{"name":"wp","href":"https:\/\/api.w.org\/{rel}","templated":true}]}}