{"id":1718,"date":"2014-02-15T17:12:16","date_gmt":"2014-02-15T22:12:16","guid":{"rendered":"http:\/\/www.turistamagazine.com\/v2\/?p=1718"},"modified":"2014-02-15T17:12:16","modified_gmt":"2014-02-15T22:12:16","slug":"la-entrevista","status":"publish","type":"post","link":"https:\/\/www.turistamagazine.com\/v2\/?p=1718","title":{"rendered":"LA ENTREVISTA"},"content":{"rendered":"<p style=\"text-align: justify;\"><strong><em><span style=\"color: #333399;\">Nuestro primer invitado del 2014 es uno de \u00a0nuestros distinguidos y m\u00e1s asiduos colaboradores Internacionales y experto en turismo Don Antonio-Pedro Tejera Reyes, Integrante del Grupo de Expertos de la OMT, por lo tanto con mucha experiencia dentro de la actividad tur\u00edstica y para nuestros miles de lectores resultar\u00e1\u00a0 muy interesante conocer algo de su intensa vida en el \u00e1mbito tur\u00edstico.<\/span><\/em><\/strong><\/p>\n<p style=\"text-align: justify;\">1.- PTM.- <strong><em><span style=\"color: #333399;\">\u00bfQui\u00e9n es Antonio-Pedro Tejera Reyes?<\/span><\/em><\/strong><\/p>\n<div id=\"attachment_1723\" style=\"width: 219px\" class=\"wp-caption alignleft\"><a href=\"https:\/\/www.turistamagazine.com\/v2\/wp-content\/uploads\/2014\/02\/ANTONIO-PEDRO-TEJERA-2013-5.jpg\"><img decoding=\"async\" aria-describedby=\"caption-attachment-1723\" class=\"size-full wp-image-1723\" title=\"Antonio- Pedro Tejera Reyes\" src=\"https:\/\/www.turistamagazine.com\/v2\/wp-content\/uploads\/2014\/02\/ANTONIO-PEDRO-TEJERA-2013-5.jpg\" alt=\"\" width=\"209\" height=\"266\" \/><\/a><p id=\"caption-attachment-1723\" class=\"wp-caption-text\">Antonio- Pedro Tejera Reyes<\/p><\/div>\n<p style=\"text-align: justify;\">APTR.- Nac\u00ed en\u00a0 Santa Cruz de Tenerife, Islas Canarias,\u00a0 desarroll\u00e9 mis estudios superiores alrededor de la ingenier\u00eda y la arquitectura, reconoci\u00e9ndome el Ministerio de Obras P\u00fablicas, la categor\u00eda de \u00abDelineante\u00bb, en el a\u00f1o 1961.\u00a0 Profesi\u00f3n\u00a0 que me incentiv\u00f3 a realizar una gu\u00eda tur\u00edstica de la Isla de Tenerife, en el a\u00f1o 1959 que fue mi primer acercamiento al sector tur\u00edstico que comenzaba a despertar en las Islas Canarias. Paralelamente comenc\u00e9 a publicar una p\u00e1gina, semanalmente, en un Diario de mucha difusi\u00f3n en esa ciudad, en la que comentaba toda la actualidad del turismo en aquella \u00e9poca. Mi vocaci\u00f3n por el desarrollo del turismo se fue acrecentando viendo los resultados positivos que se consegu\u00eda en unas islas deprimidas cuyas metas eran la emigraci\u00f3n de sus habitantes. Raz\u00f3n\u00a0 la cual\u00a0 realic\u00e9 un curso con la vieja UIOOT (hoy Organizaci\u00f3n Mundial del Turismo) donde obtuve la categor\u00eda de \u201cHonorable\u201d. En esa \u00e9poca el organismo que funcionaba en Tur\u00edn (Italia) de la propia UIOOT, y fue as\u00ed que en el\u00a0 Centro Internacional de Estudios Superiores de Turismo, CIEST, me diplom\u00e9 en Planificaci\u00f3n del Territorio Tur\u00edstico. M\u00e1s en 1984 la Divisi\u00f3n Europea de la FUS, USA, me concedi\u00f3 el Doctor Of. INTERNATIONAL TOURISM SCIENCE, con el t\u00edtulo de \u201cMAGISTER SCIENTIAE\u201d.\u00a0 Mi familia est\u00e1 compuesta por \u00a0nueve hijos, seis de ellos ingenieros civiles, un abogado, otro abogado y t\u00e9cnico en turismo, y un ingeniero en inform\u00e1tica y 20 nietos, que viven en Espa\u00f1a. Venezuela y EE.UU. Dentro de mi vida profesional, siempre ocup\u00e9 posiciones destacadas habiendo sido <span style=\"color: #000080;\"><em>Presidente de las Escuela de Turismo de Espa\u00f1a, Vice-presidente del Comit\u00e9 de Miembros Privados de la propia UIOOT, directivo de la COTAL, de la CONPEHT, etc<\/em><\/span>. Desde el a\u00f1o 1966 pertenezco a la Federaci\u00f3n Internacional de Periodistas y Escritores de Turismo, as\u00ed como a otras organizaciones relacionadas con el turismo, AECIT, IRHA, FEPET, AIPET. Actualmente soy presidente y Director General del CENTRO INTERNACIOANAL DE ESTUDIOS\u00a0 TUR\u00cdSTICOS DE CANARIAS, prolongaci\u00f3n de aquellas instituciones iniciales, dedicado exclusivamente a estudios On Line.\u00a0 <span style=\"color: #000080;\"><em>Desde Febrero\u00a0 de 2002, fui nombrado C\u00f3nsul Honorario de la Rep\u00fablica de Nicaragua en las Islas Canarias.\u00a0 Asimismo,\u00a0 en el a\u00f1o 1965, fund\u00e9 dos escuelas de turismo en Canarias, Tenerife y Las Palmas, con t\u00edtulo oficial que otorgaba el Ministerio de Turismo espa\u00f1ol, por aquel entonces. En ellas se diplomaron miles\u00a0 de estudiantes que hoy son parte de la industria tur\u00edstica de las islas. Algunos en el extranjero con mucho \u00e9xito. \u00a0<\/em><\/span><\/p>\n<p style=\"text-align: justify;\"><span style=\"color: #333333;\"><strong>2 PTM.- <\/strong><\/span>\u00a0<strong><em><span style=\"color: #000080;\">El turismo ha crecido tanto, que se ha convertido en una actividad econ\u00f3mica, y muchos pa\u00edses de econom\u00edas\u00a0 emergentes tienen seg\u00fan la OMT, puesta sus esperanzas de salir de pobreza, Espa\u00f1a\u00a0 no es una econom\u00eda emergente pero parte de su desarrollo lo debe al turismo. Todos los pa\u00edses unos m\u00e1s que otros tienen atractivos tur\u00edsticos \u00bfDe acuerdo a Ud. que es lo que debe de hacer un pa\u00eds, para que el turismo se convierta en una actividad econ\u00f3mica sostenible en el tiempo?\u00a0<\/span><\/em><\/strong><\/p>\n<p style=\"text-align: justify;\"><strong>APTR.-<\/strong> <span style=\"color: #000000;\">Conservar sus se\u00f1as de identidad y garantizar la seguridad personal del turista, son fundamentales. La \u00a0mejora de sus infraestructuras etc. vendr\u00e1 por a\u00f1adidura. Todo esto con\u00a0 la base de una buena promoci\u00f3n dirigida a los lugares que puedan proporcionar m\u00e1s f\u00e1cilmente su turismo<em><\/em><strong><em>.<\/em><\/strong><\/span><\/p>\n<p style=\"text-align: justify;\"><strong>3 PTM.-<\/strong> \u00a0<strong><em><span style=\"color: #000080;\">Ud. Por su nacionalidad y experiencia nos puede\u00a0responder\u00a0esta pregunta \u00a0\u00bfA qu\u00e9 factor cree que\u00a0 se debe el\u00a0\u00e9xito tur\u00edstico de Espa\u00f1a?<\/span><\/em><\/strong><\/p>\n<p style=\"text-align: justify;\"><strong>APTR.-<\/strong>Espa\u00f1a tuvo la suerte de tener una seguridad casi absoluta durante muchos a\u00f1os lo que junto a su historia, buen<\/p>\n<div id=\"attachment_1726\" style=\"width: 310px\" class=\"wp-caption alignright\"><a href=\"https:\/\/www.turistamagazine.com\/v2\/wp-content\/uploads\/2014\/02\/MVC-024S.jpg\"><img decoding=\"async\" aria-describedby=\"caption-attachment-1726\" class=\"size-medium wp-image-1726\" title=\"Isla Canarias Ciudad\" src=\"https:\/\/www.turistamagazine.com\/v2\/wp-content\/uploads\/2014\/02\/MVC-024S-300x225.jpg\" alt=\"\" width=\"300\" height=\"225\" \/><\/a><p id=\"caption-attachment-1726\" class=\"wp-caption-text\">Isla Canarias Ciudad<\/p><\/div>\n<p style=\"text-align: justify;\">clima primaveral, y sobre todo sus precios bajos, hizo que fuese la meta principal de todos los pa\u00edses europeos cuya econom\u00eda\u00a0 se recuperaba despu\u00e9s de la segunda guerra mundial. <span style=\"color: #000080;\"><em>No podemos enga\u00f1arnos, los precios, y el car\u00e1cter servil que se hab\u00eda afianzado en Espa\u00f1a, durante la \u00e9poca de la dictadura del General Franco, tuvieron mucho que ver con su desarrollo tur\u00edstico, sin despreciar, por supuesto, toda una serie de valores que existen en el pa\u00eds, y que un gran ministro de turismo como lo fue D. Manuel Fraga Iribarne, supieron aprovechar debidamente. \u00a0<\/em><\/span><\/p>\n<p style=\"text-align: justify;\"><span style=\"color: #000080;\"><strong><em><span style=\"color: #000000;\">4 PTM.<\/span>&#8211;\u00a0 Las carreras en turismo se han puesto de moda, por lo tanto han proliferado Universidades e Institutos \u00bfComo educador, cree que s\u00f3lo la capacitaci\u00f3n en las carreras tur\u00edstica, es suficiente para alcanzar el \u00e9xito como profesional en turismo?<\/em><\/strong><\/span><\/p>\n<p style=\"text-align: justify;\"><strong>APTR.<\/strong>&#8211; Desgraciadamente este tema tan de moda actualmente <span style=\"color: #000080;\"><em>(M\u00e9xico dice tener 500 escuelas de turismo)<\/em> <strong><em>tiene su base en los ingresos econ\u00f3micos que suponen. No existe un verdadero inter\u00e9s en configurar una ense\u00f1anza capaz de formar el t\u00e9cnico de turismo adecuado.<\/em><\/strong><\/span> Una gran cantidad de personajes que han alcanzado titulaciones tur\u00edsticas de escasa relevancia \u2013 por no decir nula \u2013 ocupan hoy puestos universitarios como profesores de las mismas, por su propio inter\u00e9s \u2013 aparte de sus desconocimientos del tema \u2013 no les interesa que sus estudiantes prosperen. Esta es la dura realidad de la cual tenemos infinidad de ejemplos a trav\u00e9s de nuestra larga trayectoria. <em><span style=\"color: #000080;\">Para obtener los conocimientos necesarios para ser un buen\u00a0 profesional del turismo, hacen falta una s\u00f3lida base y un mejoramiento continuo, que s\u00f3lo se consiguen donde est\u00e9 presente la honradez y la capacidad educativa de sus profesores. Algo muy dif\u00edcil en este nuevo mundo donde s\u00f3lo parece interesar la parte comercial como negocio.\u00a0<\/span><\/em><\/p>\n<p style=\"text-align: justify;\"><span style=\"color: #000000;\"><strong>5PTM.-<\/strong><\/span> <span style=\"color: #000080;\"><strong><em>Con China abierta al mundo en cuanto a turismo receptivo que por el exotismo y misterio que rodea toda su cultura es un destino que se vende sin mayor promoci\u00f3n tur\u00edstica. \u00bfQu\u00e9 es lo que deben hacer los pa\u00edses con corrientes tur\u00edsticas tradicionales para no perder el mercado ganado?<\/em><\/strong><\/span><\/p>\n<p style=\"text-align: justify;\">APTR .- En todo este amplio mercado del turismo, la OMT acu\u00f1o hace a\u00f1os, un slogan que dec\u00eda: <em><span style=\"color: #000080;\"><strong>\u201cEn alg\u00fan lugar hay un turista para Ud.\u201d<\/strong>.<\/span><\/em> Nada m\u00e1s real, Las condiciones econ\u00f3micas son un importante factor que condicionan hoy el viaje, y lo seguir\u00e1n haciendo. No cabe duda que el turismo de lujo busca continuamente lugares nuevos que explorar\u2026 Sin embargo <em><strong><span style=\"color: #000080;\">\u201csiempre habr\u00e1 un turista para Ud.\u201d <\/span><\/strong><\/em><\/p>\n<p style=\"text-align: justify;\"><span style=\"color: #000000;\"><strong>6 PTM.-<\/strong><\/span> <strong><span style=\"color: #000080;\"><em>S<\/em><\/span><em><span style=\"color: #000080;\"><strong><em>e<\/em><\/strong><\/span><span style=\"color: #000080;\"> menciona ya la generaci\u00f3n milenium\u00a0 que son los futuros consumidores de turismo, ser\u00e1n consumidores bien informados y con necesidades espec\u00edficas, de\u00a0 vacaciones a la medida, \u00bfC\u00f3mo \u00a0se deben prepara los proveedores de paquetes tur\u00edsticos para satisfacer este consumidor que ser\u00e1 exigente y \u00e1vido de experimentar emociones diferentes?\u2026<\/span><\/em><\/strong><\/p>\n<p style=\"text-align: justify;\"><strong>APTR.-<\/strong>Sin duda esta es una pregunta como para escribir un libro. El conocimiento ha permitido con las nuevas tecnolog\u00edas, el nacimiento de toda una larga variedad dentro del negocio tur\u00edstico. Esto ha tra\u00eddo consigo una especializaci\u00f3n que cada d\u00eda nos sorprende m\u00e1s con sus iniciativas. Ah\u00ed es donde el empresario tur\u00edstico se juega su negocio. Por poner un simple ejemplo: <strong><em><span style=\"color: #000080;\">\u00bfQui\u00e9n iba a pensar hace 30 a\u00f1os en el desarrollo que est\u00e1 teniendo el \u201cturismo gay\u201d?<\/span><\/em><\/strong><\/p>\n<p style=\"text-align: justify;\"><strong><span style=\"color: #000000;\">7 PTM.-<\/span><\/strong> <strong><em><span style=\"color: #000080;\">La gastronom\u00eda se est\u00e1 convirtiendo en un boom, y cada pa\u00eds piensa que su gastronom\u00eda est\u00e1 entre las tres primeras del mundo, desde su experiencia que pa\u00edses generan una corriente tur\u00edstica gastron\u00f3mica.<\/span><\/em><\/strong><\/p>\n<p style=\"text-align: justify;\"><strong>APTR .-<\/strong> La gastronom\u00eda es otro de los grandes atractivos de turismo de cierta calidad. Un plato humilde como lo era la <span style=\"color: #000080;\">\u201cpaella espa\u00f1ola\u201d o el \u201cgofio canario\u201d,<\/span> han llegado a las m\u00e1s lujosas mesas de los hoteles y restaurantes m\u00e1s prestigiosos del mundo. Al igual que la bebida son una poderosa llamada para toda clase de turismo. Creo que la cocina natural es la que se impone actualmente. La cocina tradicional de los pa\u00edses puede ser un punto sobresaliente en su promoci\u00f3n tur\u00edstica, pero la cocina muy elaborada ha demostrado que se queda detr\u00e1s de la cocina natural. Per\u00fa en un buen ejemplo de eso, y Espa\u00f1a lo experiment\u00f3 muy bien en\u00a0 los a\u00f1os pasados,\u00a0 junto con Argentina, Uruguay., Brasil&#8230; muy por encima de la cocina centro europea&#8230;<\/p>\n<p style=\"text-align: justify;\"><strong><em><span style=\"color: #000080;\">De sus palabras llegamos\u00a0 a conclusi\u00f3n que la gastronom\u00eda por s\u00ed sola no genera una corriente tur\u00edstica<\/span><\/em><\/strong><\/p>\n<p style=\"text-align: justify;\"><strong><span style=\"color: #000000;\">8 PTM.-<\/span><\/strong> <strong><em><span style=\"color: #000080;\">Hablando de gastronom\u00eda y el Per\u00fa \u00bfHace cu\u00e1nto tiempo que no nos visita?<\/span><\/em><\/strong><\/p>\n<p style=\"text-align: justify;\"><strong>APTR .-<\/strong> Mis \u00faltimas visitas a Lima, tienen un muy especial recuerdo para m\u00ed. Fue con motivo del congreso de la CONPEHT del a\u00f1o 1998, donde nos atendi\u00f3 con su habitual amabilidad nuestro querido y\u00a0 l<span style=\"color: #000080;\"><em>lorado amigo, conocido desde hac\u00eda algunos a\u00f1os en la OMT, donde era el delegado para Am\u00e9rica Don Sixtilio Dalmau.<\/em><\/span> \u00a0Y \u00a0en el a\u00f1o 2004, en una visita profesional donde el tambi\u00e9n <em><span style=\"color: #000080;\">\u00a0querido amigo Dr. Carlos Canales,<\/span><\/em> Presidente de la C\u00e1mara de Turismo de Per\u00fa, hiciera de magn\u00edfico anfitri\u00f3n. Hoy precisamente, tenemos pendiente una nueva visita a Lima que ser\u00e1 (Dios mediante) en el pr\u00f3ximo mes de Octubre, con motivo del Congreso de la CONPEHT.<\/p>\n<p style=\"text-align: justify;\"><strong><span style=\"color: #000000;\">9 PTM.-<\/span><\/strong> \u00a0<strong><em><span style=\"color: #000080;\">Don Antonio pedro \u00bfQu\u00e9 es el \u00e9xito,\u00a0 y que se necesita para lograrlo, s\u00f3lo capacitaci\u00f3n y perseverancia o Tambi\u00e9n existe el factor suerte?<\/span><\/em><\/strong><\/p>\n<p style=\"text-align: justify;\"><strong>APTR<\/strong> .-Indudablemente la suerte hace falta para todo en la vida, pero en el mundo del turismo, sin una buena preparaci\u00f3n que venga desde las mismas bases, es imposible alcanzar el mayor de los \u00e9xitos.<\/p>\n<p style=\"text-align: justify;\"><strong>10 PTM._<span style=\"color: #000080;\"><em> Finalmente, cuantos pa\u00edses ha visitado y cu\u00e9ntenos alguna an\u00e9cdota especial que le haya ocurrido en alguno de ellos.<\/em><\/span><\/strong><\/p>\n<p style=\"text-align: justify;\"><strong>APTR.<\/strong>&#8211; He visitado toda Am\u00e9rica del Sur, y del Centro me queda solamente Honduras. Del Norte varios estados como<\/p>\n<div id=\"attachment_1706\" style=\"width: 310px\" class=\"wp-caption alignleft\"><a href=\"https:\/\/www.turistamagazine.com\/v2\/wp-content\/uploads\/2014\/02\/Kaiserball-2.jpg\"><img decoding=\"async\" aria-describedby=\"caption-attachment-1706\" class=\"size-medium wp-image-1706\" title=\" Nuestro entrevistado en el famoso Kaiserball en la ciudad de Viena\" src=\"https:\/\/www.turistamagazine.com\/v2\/wp-content\/uploads\/2014\/02\/Kaiserball-2-300x225.jpg\" alt=\"\" width=\"300\" height=\"225\" \/><\/a><p id=\"caption-attachment-1706\" class=\"wp-caption-text\">Nuestro entrevistado en el famoso Kaiserball en la ciudad de Viena<\/p><\/div>\n<p style=\"text-align: justify;\">New York, Florida, Washington, Tennessee, Texas, y alg\u00fan otro m\u00e1s\u2026 De Europa\u00a0 \u2013 aparte de una muy buena parte de Espa\u00f1a \u2013 Francia, Italia, Alemania, B\u00e9lgica. Suiza, Italia, Gran Breta\u00f1a, Grecia. Portugal, Checoslovaquia, M\u00f3naco\u2026\u00a0 De \u00c1frica, solamente Kenia.<\/p>\n<p style=\"text-align: justify;\">En mis recorridos profesionales, siempre representado el sector privado \u2013 nunca al p\u00fablico \u2013\u00a0 son demasiadas las an\u00e9cdotas que podr\u00edamos relacionar, pero me voy a referir solo a dos de ellas relacionadas con la actividad profesional lo cual nos ha llevado siempre a\u00a0 ser muy cr\u00edticos. En un hotel en construcci\u00f3n de cinco estrellas de R\u00edo de Janeiro, observamos que la puerta de acceso de la cocina al comedor, apenas ten\u00eda un metro y medio de ancho, y solo era una. Lo hicimos notar y supongo lo corregir\u00edan.\u00a0 M\u00e1s tarde, hace solo dos a\u00f1os, en Turqu\u00eda en un banquete de gala \u00a0al que asist\u00edamos, observamos el mismo defecto durante el servicio de la tal cena. El problema lo hab\u00edan resuelto poniendo una especie de \u201cguardia de tr\u00e1fico\u201d que controlaba la entrada y la salida de los camareros portando las grandes bandejas\u2026 Era un Espect\u00e1culo.<\/p>\n<p><span style=\"color: #000080;\"><strong><em>Mil gracias Don Antonio-Pedro<\/em><\/strong><\/span><\/p>\n<p>&nbsp;<\/p>\n","protected":false},"excerpt":{"rendered":"<p>Nuestro primer invitado del 2014 es uno de \u00a0nuestros distinguidos y m\u00e1s asiduos colaboradores Internacionales y experto en turismo Don Antonio-Pedro Tejera Reyes, Integrante del Grupo de Expertos de la OMT, por lo tanto con mucha experiencia dentro de la actividad tur\u00edstica y para nuestros miles de lectores resultar\u00e1\u00a0 muy interesante conocer algo de su intensa vida en el \u00e1mbito tur\u00edstico. 1.- PTM.- \u00bfQui\u00e9n es Antonio-Pedro Tejera Reyes? APTR.- Nac\u00ed en\u00a0 Santa Cruz de Tenerife, Islas Canarias,\u00a0 desarroll\u00e9 mis estudios superiores alrededor de la ingenier\u00eda y la arquitectura, reconoci\u00e9ndome el Ministerio de Obras P\u00fablicas, la categor\u00eda de \u00abDelineante\u00bb, en el&#8230;<\/p>\n","protected":false},"author":1,"featured_media":0,"comment_status":"open","ping_status":"open","sticky":false,"template":"","format":"standard","meta":{"footnotes":""},"categories":[94],"tags":[284,562,178,561,126,560],"class_list":["post-1718","post","type-post","status-publish","format-standard","hentry","category-entrevistas","tag-antonio-pedro-tejera-reyes","tag-conpeht","tag-espana","tag-islas-canarias","tag-omt","tag-santa-cruz-de-tenerife"],"_links":{"self":[{"href":"https:\/\/www.turistamagazine.com\/v2\/index.php?rest_route=\/wp\/v2\/posts\/1718","targetHints":{"allow":["GET"]}}],"collection":[{"href":"https:\/\/www.turistamagazine.com\/v2\/index.php?rest_route=\/wp\/v2\/posts"}],"about":[{"href":"https:\/\/www.turistamagazine.com\/v2\/index.php?rest_route=\/wp\/v2\/types\/post"}],"author":[{"embeddable":true,"href":"https:\/\/www.turistamagazine.com\/v2\/index.php?rest_route=\/wp\/v2\/users\/1"}],"replies":[{"embeddable":true,"href":"https:\/\/www.turistamagazine.com\/v2\/index.php?rest_route=%2Fwp%2Fv2%2Fcomments&post=1718"}],"version-history":[{"count":5,"href":"https:\/\/www.turistamagazine.com\/v2\/index.php?rest_route=\/wp\/v2\/posts\/1718\/revisions"}],"predecessor-version":[{"id":1728,"href":"https:\/\/www.turistamagazine.com\/v2\/index.php?rest_route=\/wp\/v2\/posts\/1718\/revisions\/1728"}],"wp:attachment":[{"href":"https:\/\/www.turistamagazine.com\/v2\/index.php?rest_route=%2Fwp%2Fv2%2Fmedia&parent=1718"}],"wp:term":[{"taxonomy":"category","embeddable":true,"href":"https:\/\/www.turistamagazine.com\/v2\/index.php?rest_route=%2Fwp%2Fv2%2Fcategories&post=1718"},{"taxonomy":"post_tag","embeddable":true,"href":"https:\/\/www.turistamagazine.com\/v2\/index.php?rest_route=%2Fwp%2Fv2%2Ftags&post=1718"}],"curies":[{"name":"wp","href":"https:\/\/api.w.org\/{rel}","templated":true}]}}