{"id":1713,"date":"2014-02-15T16:05:51","date_gmt":"2014-02-15T21:05:51","guid":{"rendered":"http:\/\/www.turistamagazine.com\/v2\/?p=1713"},"modified":"2014-02-15T16:07:19","modified_gmt":"2014-02-15T21:07:19","slug":"peru-vicepresidenta-espinoza-participo-en-lanzamiento-de-carnaval-de-tacna","status":"publish","type":"post","link":"https:\/\/www.turistamagazine.com\/v2\/?p=1713","title":{"rendered":"PERU: VICEPRESIDENTA ESPINOZA PARTICIP\u00d3 EN LANZAMIENTO DE CARNAVAL DE TACNA"},"content":{"rendered":"<p style=\"text-align: justify;\">Lima.- La vicepresidente de la Rep\u00fablica, Marisol Espinoza particip\u00f3 hoy del lanzamiento del Festival Internacional de Tacna, celebraci\u00f3n considerada como la m\u00e1s importantes de esa regi\u00f3n y que se prolongar\u00e1 hasta el 04 de marzo.<\/p>\n<p style=\"text-align: justify;\">Dicha ceremonia de lanzamiento se llev\u00f3 a cabo esta tarde en el Patio de Honor de Palacio de Gobierno, como parte del programa \u00abPalacio para Todos\u00bb.<\/p>\n<p style=\"text-align: justify;\">Durante su alocuci\u00f3n, la vicepresidenta destac\u00f3 el amor profundo del pueblo tacne\u00f1o por el Per\u00fa y sus acciones heroicas.<\/p>\n<p style=\"text-align: justify;\">\u00abGracias por mostrarnos el arte y la cultura del Per\u00fa profundo, de un pueblo de frontera que siempre ha estado gritando libertad y levantando en alto la bandera del Per\u00fa\u00bb, sostuvo.<\/p>\n<p style=\"text-align: justify;\">Particip\u00f3 tambi\u00e9n el alcalde de la ciudad de Tacna, Fidel Carita Monroy y diversas autoridades regionales, tras lo cual se iniciaron las danzas por las comparsas que asistieron a la sede del Ejecutivo.<\/p>\n<p style=\"text-align: justify;\">Tambi\u00e9n se aprovech\u00f3 para invitar a los peruanos de visitar Tacna y observar las distintas expresiones culturales de esa regi\u00f3n y representativas de cada provincia.<\/p>\n<p style=\"text-align: justify;\">F\/ Andina<\/p>\n<p style=\"text-align: justify;\">El Carnaval de Tacna da inicio cuando los danzantes, que son el alma del carnaval, mezclan la tradici\u00f3n de la migraci\u00f3n andina y sus rituales con la religiosidad cat\u00f3lica..<\/p>\n<p style=\"text-align: justify;\">Este despliegue de arte y m\u00fasica se manifiestan en los distintos pasacalles, concursos en todos los distritos, donde la poblaci\u00f3n y turistas participan apreciando y danzando en las diferentes culturas y costumbres.<\/p>\n","protected":false},"excerpt":{"rendered":"<p>Lima.- La vicepresidente de la Rep\u00fablica, Marisol Espinoza particip\u00f3 hoy del lanzamiento del Festival Internacional de Tacna, celebraci\u00f3n considerada como la m\u00e1s importantes de esa regi\u00f3n y que se prolongar\u00e1 hasta el 04 de marzo. Dicha ceremonia de lanzamiento se llev\u00f3 a cabo esta tarde en el Patio de Honor de Palacio de Gobierno, como parte del programa \u00abPalacio para Todos\u00bb. Durante su alocuci\u00f3n, la vicepresidenta destac\u00f3 el amor profundo del pueblo tacne\u00f1o por el Per\u00fa y sus acciones heroicas. \u00abGracias por mostrarnos el arte y la cultura del Per\u00fa profundo, de un pueblo de frontera que siempre ha estado&#8230;<\/p>\n","protected":false},"author":1,"featured_media":0,"comment_status":"open","ping_status":"open","sticky":false,"template":"","format":"standard","meta":{"footnotes":""},"categories":[4,82],"tags":[348,558,559,138],"class_list":["post-1713","post","type-post","status-publish","format-standard","hentry","category-breaking-news","category-nacionales","tag-carnavales","tag-marisol-espinoza","tag-palacio-de-gobierno-del-peru","tag-tacna"],"_links":{"self":[{"href":"https:\/\/www.turistamagazine.com\/v2\/index.php?rest_route=\/wp\/v2\/posts\/1713","targetHints":{"allow":["GET"]}}],"collection":[{"href":"https:\/\/www.turistamagazine.com\/v2\/index.php?rest_route=\/wp\/v2\/posts"}],"about":[{"href":"https:\/\/www.turistamagazine.com\/v2\/index.php?rest_route=\/wp\/v2\/types\/post"}],"author":[{"embeddable":true,"href":"https:\/\/www.turistamagazine.com\/v2\/index.php?rest_route=\/wp\/v2\/users\/1"}],"replies":[{"embeddable":true,"href":"https:\/\/www.turistamagazine.com\/v2\/index.php?rest_route=%2Fwp%2Fv2%2Fcomments&post=1713"}],"version-history":[{"count":4,"href":"https:\/\/www.turistamagazine.com\/v2\/index.php?rest_route=\/wp\/v2\/posts\/1713\/revisions"}],"predecessor-version":[{"id":1716,"href":"https:\/\/www.turistamagazine.com\/v2\/index.php?rest_route=\/wp\/v2\/posts\/1713\/revisions\/1716"}],"wp:attachment":[{"href":"https:\/\/www.turistamagazine.com\/v2\/index.php?rest_route=%2Fwp%2Fv2%2Fmedia&parent=1713"}],"wp:term":[{"taxonomy":"category","embeddable":true,"href":"https:\/\/www.turistamagazine.com\/v2\/index.php?rest_route=%2Fwp%2Fv2%2Fcategories&post=1713"},{"taxonomy":"post_tag","embeddable":true,"href":"https:\/\/www.turistamagazine.com\/v2\/index.php?rest_route=%2Fwp%2Fv2%2Ftags&post=1713"}],"curies":[{"name":"wp","href":"https:\/\/api.w.org\/{rel}","templated":true}]}}