{"id":1705,"date":"2014-02-15T15:58:10","date_gmt":"2014-02-15T20:58:10","guid":{"rendered":"http:\/\/www.turistamagazine.com\/v2\/?p=1705"},"modified":"2014-02-15T15:58:10","modified_gmt":"2014-02-15T20:58:10","slug":"peru-susana-villaran-senala-que-no-ira-a-la-reeleccion-a-la-alcaldia-de-lima","status":"publish","type":"post","link":"https:\/\/www.turistamagazine.com\/v2\/?p=1705","title":{"rendered":"PERU: SUSANA VILLAR\u00c1N SE\u00d1ALA QUE NO IR\u00c1 A LA REELECCI\u00d3N A LA ALCALD\u00cdA DE LIMA"},"content":{"rendered":"<p style=\"text-align: justify;\">Lima.- La alcaldesa de Lima Metropolitana, Susana Villar\u00e1n asegur\u00f3 hoy que no se presentar\u00e1 a las elecciones municipales del 2014, pero que pondr\u00e1 \u00e9nfasis en mostrar las obras de su gesti\u00f3n que, dijo, no son difundidas por los medios de comunicaci\u00f3n.<\/p>\n<p style=\"text-align: justify;\">\u00abNo voy a ir a ninguna reelecci\u00f3n, en este momento estoy trabajando, soy la alcaldesa en funciones y s\u00ed estoy en campa\u00f1a, y mi campa\u00f1a es para mostrar las obras de Lima\u00bb, afirm\u00f3.<\/p>\n<p style=\"text-align: justify;\">Lament\u00f3 que las obras que hace su gesti\u00f3n para la ciudad <span style=\"color: #000080;\"><strong><em>\u00abno sean cubiertas por los medios de comunicaci\u00f3n\u00bb<\/em><\/strong>,<\/span> y por ello la ciudadan\u00eda tiene una percepci\u00f3n negativa de su gesti\u00f3n.<\/p>\n<p style=\"text-align: justify;\">Cit\u00f3, por ejemplo, la modernizaci\u00f3n de la avenida Canta Callao, en el distrito lime\u00f1o de San Mart\u00edn de Porres.<\/p>\n<p style=\"text-align: justify;\">\u00abLa avenida Canta Callao, era de tierra, la hemos convertido en una m\u00e1s moderna, cuatro carriles a un lado, cuatro al otro, berma central, todo arborizada, paraderos, con todas las comodidades que se pueda tener y sin embargo no hubo una sola nota\u00bb, subray\u00f3.<\/p>\n<p style=\"text-align: justify;\">\u00a0Refiri\u00f3 que en la inauguraci\u00f3n de la nueva v\u00eda Canta Callao, estuvieron los padres del fallecido suboficial de la Polic\u00eda Nacional, C\u00e9sar Vilca, -quien luch\u00f3 en el Valle del r\u00edo Apur\u00edmac, Ene y Mantaro (Vraem) contra el narcoterrorismo-\u00a0 a qui\u00e9n ser\u00e1 dedicada esa avenida.<\/p>\n<p style=\"text-align: justify;\">\u00a0\u00abEntonces, dije, tengo que cambiar de estrategia de comunicaci\u00f3n y me puse la chalina verde que me identifica y todos se han fijado en m\u00ed, y eso me alegra, porque se van a fijar en las obras\u00bb, puntualiz\u00f3. <strong><em><span style=\"color: #000080;\">T\u00eda Su que bien te queda el sombrero&#8230; \u00fasalo m\u00e1s seguido en vez de la chalina verde&#8230;<\/span><\/em><\/strong><\/p>\n<p style=\"text-align: justify;\">F\/Andina<\/p>\n","protected":false},"excerpt":{"rendered":"<p>Lima.- La alcaldesa de Lima Metropolitana, Susana Villar\u00e1n asegur\u00f3 hoy que no se presentar\u00e1 a las elecciones municipales del 2014, pero que pondr\u00e1 \u00e9nfasis en mostrar las obras de su gesti\u00f3n que, dijo, no son difundidas por los medios de comunicaci\u00f3n. \u00abNo voy a ir a ninguna reelecci\u00f3n, en este momento estoy trabajando, soy la alcaldesa en funciones y s\u00ed estoy en campa\u00f1a, y mi campa\u00f1a es para mostrar las obras de Lima\u00bb, afirm\u00f3. Lament\u00f3 que las obras que hace su gesti\u00f3n para la ciudad \u00abno sean cubiertas por los medios de comunicaci\u00f3n\u00bb, y por ello la ciudadan\u00eda tiene una&#8230;<\/p>\n","protected":false},"author":1,"featured_media":0,"comment_status":"open","ping_status":"open","sticky":false,"template":"","format":"standard","meta":{"footnotes":""},"categories":[4,82],"tags":[555,321,340,140],"class_list":["post-1705","post","type-post","status-publish","format-standard","hentry","category-breaking-news","category-nacionales","tag-la-alcaldesa-de-lima","tag-lima","tag-peru","tag-susana-villaran"],"_links":{"self":[{"href":"https:\/\/www.turistamagazine.com\/v2\/index.php?rest_route=\/wp\/v2\/posts\/1705","targetHints":{"allow":["GET"]}}],"collection":[{"href":"https:\/\/www.turistamagazine.com\/v2\/index.php?rest_route=\/wp\/v2\/posts"}],"about":[{"href":"https:\/\/www.turistamagazine.com\/v2\/index.php?rest_route=\/wp\/v2\/types\/post"}],"author":[{"embeddable":true,"href":"https:\/\/www.turistamagazine.com\/v2\/index.php?rest_route=\/wp\/v2\/users\/1"}],"replies":[{"embeddable":true,"href":"https:\/\/www.turistamagazine.com\/v2\/index.php?rest_route=%2Fwp%2Fv2%2Fcomments&post=1705"}],"version-history":[{"count":2,"href":"https:\/\/www.turistamagazine.com\/v2\/index.php?rest_route=\/wp\/v2\/posts\/1705\/revisions"}],"predecessor-version":[{"id":1709,"href":"https:\/\/www.turistamagazine.com\/v2\/index.php?rest_route=\/wp\/v2\/posts\/1705\/revisions\/1709"}],"wp:attachment":[{"href":"https:\/\/www.turistamagazine.com\/v2\/index.php?rest_route=%2Fwp%2Fv2%2Fmedia&parent=1705"}],"wp:term":[{"taxonomy":"category","embeddable":true,"href":"https:\/\/www.turistamagazine.com\/v2\/index.php?rest_route=%2Fwp%2Fv2%2Fcategories&post=1705"},{"taxonomy":"post_tag","embeddable":true,"href":"https:\/\/www.turistamagazine.com\/v2\/index.php?rest_route=%2Fwp%2Fv2%2Ftags&post=1705"}],"curies":[{"name":"wp","href":"https:\/\/api.w.org\/{rel}","templated":true}]}}