{"id":1662,"date":"2014-02-14T10:53:34","date_gmt":"2014-02-14T15:53:34","guid":{"rendered":"http:\/\/www.turistamagazine.com\/v2\/?p=1662"},"modified":"2014-02-14T10:53:34","modified_gmt":"2014-02-14T15:53:34","slug":"peru-ministerio-de-la-mujer-lanza-festival-quiere-sin-violencia-marca-la-diferencia","status":"publish","type":"post","link":"https:\/\/www.turistamagazine.com\/v2\/?p=1662","title":{"rendered":"PERU MINISTERIO DE LA MUJER LANZA FESTIVAL \u00abQUIERE SIN VIOLENCIA, MARCA LA DIFERENCIA\u00bb"},"content":{"rendered":"<p>Lima.- \u00a0En el D\u00eda del Amor y la Amistad, el Ministerio de la Mujer y Poblaciones Vulnerables lanza hoy el festival <strong><em><span style=\"color: #000080;\">\u201cQuiere sin violencia, marca la diferencia\u201d.<\/span><\/em><\/strong><\/p>\n<p>Esta actividad se realizar\u00e1 desde las 18.00 horas de hoy en la Plaza de Barranco y contar\u00e1 con la asistencia de reconocidos artistas nacionales como Gianella Neyra, Andres Wiese, los Beatles Peruanos, el Grupo Candela, entre otros.<\/p>\n<p>Desde el a\u00f1o 2010, el Programa Nacional contra la Violencia Familiar y Sexual se encuentra implementando una estrategia de comunicaci\u00f3n orientada a prevenir la violencia contra la mujer en la etapa de enamoramiento y noviazgo (13 \u2013 17 y 18 &#8211; 25 a\u00f1os de edad), mediante acciones que visibilizan la problem\u00e1tica y contribuyen a la identificaci\u00f3n de factores de riesgo y de protecci\u00f3n.<\/p>\n<p><span style=\"color: #000080;\"><strong><em>Y no es cierto esa arraigada costumbre en la serran\u00eda peruana que \u00bb mas ti pego m\u00e1s ti quiero\u00bb, eso pas\u00f3 a la historia \u00aba la mujer ni con el p\u00e9talo de una rosa\u00bb<\/em><\/strong><\/span><\/p>\n<p><span style=\"color: #000080;\"><strong><em>Rosas s\u00ed pero por favor no s\u00f3lo en el d\u00eda de San Valent\u00edn&#8230;<\/em><\/strong><\/span><\/p>\n<p>Foto\/ Turistamagazine<\/p>\n","protected":false},"excerpt":{"rendered":"<p>Lima.- \u00a0En el D\u00eda del Amor y la Amistad, el Ministerio de la Mujer y Poblaciones Vulnerables lanza hoy el festival \u201cQuiere sin violencia, marca la diferencia\u201d. Esta actividad se realizar\u00e1 desde las 18.00 horas de hoy en la Plaza de Barranco y contar\u00e1 con la asistencia de reconocidos artistas nacionales como Gianella Neyra, Andres Wiese, los Beatles Peruanos, el Grupo Candela, entre otros. Desde el a\u00f1o 2010, el Programa Nacional contra la Violencia Familiar y Sexual se encuentra implementando una estrategia de comunicaci\u00f3n orientada a prevenir la violencia contra la mujer en la etapa de enamoramiento y noviazgo (13&#8230;<\/p>\n","protected":false},"author":1,"featured_media":0,"comment_status":"open","ping_status":"open","sticky":false,"template":"","format":"standard","meta":{"footnotes":""},"categories":[4,82],"tags":[540,424],"class_list":["post-1662","post","type-post","status-publish","format-standard","hentry","category-breaking-news","category-nacionales","tag-dia-de-la-amistad","tag-dia-de-san-valentin"],"_links":{"self":[{"href":"https:\/\/www.turistamagazine.com\/v2\/index.php?rest_route=\/wp\/v2\/posts\/1662","targetHints":{"allow":["GET"]}}],"collection":[{"href":"https:\/\/www.turistamagazine.com\/v2\/index.php?rest_route=\/wp\/v2\/posts"}],"about":[{"href":"https:\/\/www.turistamagazine.com\/v2\/index.php?rest_route=\/wp\/v2\/types\/post"}],"author":[{"embeddable":true,"href":"https:\/\/www.turistamagazine.com\/v2\/index.php?rest_route=\/wp\/v2\/users\/1"}],"replies":[{"embeddable":true,"href":"https:\/\/www.turistamagazine.com\/v2\/index.php?rest_route=%2Fwp%2Fv2%2Fcomments&post=1662"}],"version-history":[{"count":4,"href":"https:\/\/www.turistamagazine.com\/v2\/index.php?rest_route=\/wp\/v2\/posts\/1662\/revisions"}],"predecessor-version":[{"id":1666,"href":"https:\/\/www.turistamagazine.com\/v2\/index.php?rest_route=\/wp\/v2\/posts\/1662\/revisions\/1666"}],"wp:attachment":[{"href":"https:\/\/www.turistamagazine.com\/v2\/index.php?rest_route=%2Fwp%2Fv2%2Fmedia&parent=1662"}],"wp:term":[{"taxonomy":"category","embeddable":true,"href":"https:\/\/www.turistamagazine.com\/v2\/index.php?rest_route=%2Fwp%2Fv2%2Fcategories&post=1662"},{"taxonomy":"post_tag","embeddable":true,"href":"https:\/\/www.turistamagazine.com\/v2\/index.php?rest_route=%2Fwp%2Fv2%2Ftags&post=1662"}],"curies":[{"name":"wp","href":"https:\/\/api.w.org\/{rel}","templated":true}]}}