{"id":16478,"date":"2015-09-28T09:32:00","date_gmt":"2015-09-28T14:32:00","guid":{"rendered":"http:\/\/www.turistamagazine.com\/v2\/?p=16478"},"modified":"2015-09-28T09:32:00","modified_gmt":"2015-09-28T14:32:00","slug":"alas-uruguay-nos-quedan-tres-vuelos-de-demostracion-y-estariamos-certificados","status":"publish","type":"post","link":"https:\/\/www.turistamagazine.com\/v2\/?p=16478","title":{"rendered":"ALAS URUGUAY: \u201cNOS QUEDAN TRES VUELOS DE DEMOSTRACI\u00d3N Y ESTAR\u00cdAMOS CERTIFICADOS\u201d"},"content":{"rendered":"<p style=\"text-align: justify;\" align=\"center\">\u201c8\/09\/15.- Sabrina Acevedo, gerenta comercial, encabeza la delegaci\u00f3n de Alas Uruguay en la FIT 2015 \u201cTuvimos la prueba de evacuaci\u00f3n de emergencia el viernes, que fue satisfactoria, y nos quedan tres vuelos de demostraci\u00f3n y ya estar\u00edamos certificados para poder operar\u201d, afirm\u00f3 Sabrina Acevedo, gerenta comercial de Alas Uruguay, en di\u00e1logo con HOSTELTUR en el marco de la FIT 2015 de Buenos Aires.<\/p>\n<p style=\"text-align: justify;\">\u201cEs una etapa que cost\u00f3 pero ya est\u00e1 concluyendo y ahora salimos con toda la parte comercial, que estamos negociando los slots en los aeropuertos a los que tenemos rutas planeadas\u201d, dijo Sabrina Acevedo respecto a la \u00faltima parte del proceso de habilitaci\u00f3n de la compa\u00f1\u00eda.<\/p>\n<p style=\"text-align: justify;\">Los vuelos de prueba, con inspectores de la Direcci\u00f3n Nacional de Aeron\u00e1utica Civil e Infraestructura A\u00e9rea (Dinacia), son \u201cel martes a Chile en vuelo nocturno \u2013as\u00ed es lo que pide la autoridad- y el jueves y viernes a Asunci\u00f3n\u201d.<\/p>\n<p style=\"text-align: justify;\">\u201cEsperamos en breve poder publicar los vuelos e ir avanzando, es un paso m\u00e1s, si bien quedan esos vuelos, es lo que sabemos hacer; la certificaci\u00f3n era algo nuevo para nosotros, pero no los vuelos, no la evacuaci\u00f3n\u201d, expres\u00f3 Acevedo.<\/p>\n<p style=\"text-align: justify;\">Alas Uruguay deber\u00e1 ser habilitada por la autoridad de cada uno de los pa\u00edses a los que planea volar: Argentina, Brasil, Chile y Paraguay.<\/p>\n<p style=\"text-align: justify;\">\u201cPara las habilitaciones, Argentina y Brasil son los dos pa\u00edses m\u00e1s particulares, donde el tema no es s\u00f3lo t\u00e9cnico sino tambi\u00e9n pol\u00edtico; en Chile el protocolo es claro, si uno lo cumple, tiene la habilitaci\u00f3n en 20 o 30 d\u00edas; en Asunci\u00f3n tambi\u00e9n sabemos que no hay inconvenientes, pero esperamos tener buenos horarios, que es el producto que vamos a vender\u201d, se\u00f1al\u00f3 la ejecutiva de la compa\u00f1\u00eda uruguaya fundada por ex funcionarios de Pluna.<\/p>\n<p style=\"text-align: justify;\">Por su parte, en la parte comercial, est\u00e1 muy avanzados los contactos con agencias de viajes uruguayas y regionales \u201cas\u00ed como la posibilidad de hacer charters que firmar\u00edamos una vez obtenida la certificaci\u00f3n; las agencias siempre nos han apoyado mucho y nos mencionan la necesidad que tienen de que Alas Uruguay vuele\u201d.<\/p>\n<p style=\"text-align: justify;\">F\/ Hosteltur<\/p>\n","protected":false},"excerpt":{"rendered":"<p>\u201c8\/09\/15.- Sabrina Acevedo, gerenta comercial, encabeza la delegaci\u00f3n de Alas Uruguay en la FIT 2015 \u201cTuvimos la prueba de evacuaci\u00f3n de emergencia el viernes, que fue satisfactoria, y nos quedan tres vuelos de demostraci\u00f3n y ya estar\u00edamos certificados para poder operar\u201d, afirm\u00f3 Sabrina Acevedo, gerenta comercial de Alas Uruguay, en di\u00e1logo con HOSTELTUR en el marco de la FIT 2015 de Buenos Aires. \u201cEs una etapa que cost\u00f3 pero ya est\u00e1 concluyendo y ahora salimos con toda la parte comercial, que estamos negociando los slots en los aeropuertos a los que tenemos rutas planeadas\u201d, dijo Sabrina Acevedo respecto a la&#8230;<\/p>\n","protected":false},"author":1,"featured_media":0,"comment_status":"open","ping_status":"open","sticky":false,"template":"","format":"standard","meta":{"footnotes":""},"categories":[4,84],"tags":[2553,5162,5163,5161,1027,749,92],"class_list":["post-16478","post","type-post","status-publish","format-standard","hentry","category-breaking-news","category-internacionales","tag-aerolineas","tag-certificacion","tag-certificado-de-operador-aereo","tag-dinacia","tag-latinoamerica","tag-turistamagazine","tag-uruguay"],"_links":{"self":[{"href":"https:\/\/www.turistamagazine.com\/v2\/index.php?rest_route=\/wp\/v2\/posts\/16478","targetHints":{"allow":["GET"]}}],"collection":[{"href":"https:\/\/www.turistamagazine.com\/v2\/index.php?rest_route=\/wp\/v2\/posts"}],"about":[{"href":"https:\/\/www.turistamagazine.com\/v2\/index.php?rest_route=\/wp\/v2\/types\/post"}],"author":[{"embeddable":true,"href":"https:\/\/www.turistamagazine.com\/v2\/index.php?rest_route=\/wp\/v2\/users\/1"}],"replies":[{"embeddable":true,"href":"https:\/\/www.turistamagazine.com\/v2\/index.php?rest_route=%2Fwp%2Fv2%2Fcomments&post=16478"}],"version-history":[{"count":2,"href":"https:\/\/www.turistamagazine.com\/v2\/index.php?rest_route=\/wp\/v2\/posts\/16478\/revisions"}],"predecessor-version":[{"id":16481,"href":"https:\/\/www.turistamagazine.com\/v2\/index.php?rest_route=\/wp\/v2\/posts\/16478\/revisions\/16481"}],"wp:attachment":[{"href":"https:\/\/www.turistamagazine.com\/v2\/index.php?rest_route=%2Fwp%2Fv2%2Fmedia&parent=16478"}],"wp:term":[{"taxonomy":"category","embeddable":true,"href":"https:\/\/www.turistamagazine.com\/v2\/index.php?rest_route=%2Fwp%2Fv2%2Fcategories&post=16478"},{"taxonomy":"post_tag","embeddable":true,"href":"https:\/\/www.turistamagazine.com\/v2\/index.php?rest_route=%2Fwp%2Fv2%2Ftags&post=16478"}],"curies":[{"name":"wp","href":"https:\/\/api.w.org\/{rel}","templated":true}]}}