{"id":16465,"date":"2015-09-28T07:39:34","date_gmt":"2015-09-28T12:39:34","guid":{"rendered":"http:\/\/www.turistamagazine.com\/v2\/?p=16465"},"modified":"2015-09-28T07:39:35","modified_gmt":"2015-09-28T12:39:35","slug":"al-damero-de-pizarro-sin-carro","status":"publish","type":"post","link":"https:\/\/www.turistamagazine.com\/v2\/?p=16465","title":{"rendered":"AL DAMERO DE PIZARRO SIN CARRO\u201d"},"content":{"rendered":"<p style=\"text-align: justify;\" align=\"center\">Lima, set. 27. El alcalde de Lima, Luis Casta\u00f1eda Lossio, defendi\u00f3 \u00a0la campa\u00f1a \u00abUn D\u00eda sin Auto\u00bb en la ciudad capital, e hizo un llamado a la ciudadan\u00eda para respetar a los ciclistas y a los peatones porque, \u201ccuando empecemos a hacerlo, las cosas van a mejorar\u201d.<\/p>\n<p style=\"text-align: justify;\">En el marco de la campa\u00f1a <em>\u201c<\/em>Al Damero de Pizarro sin Carro\u201d<em>,<\/em> que busca fomentar el ciclismo y el tr\u00e1nsito peatonal, Casta\u00f1eda sostuvo que no siempre es necesario demarcar los l\u00edmites para las ciclov\u00edas y para que se respete a los ciclistas.<\/p>\n<p style=\"text-align: justify;\"><strong><em>\u201cEn otras grandes ciudades, por ejemplo, no est\u00e1n marcadas necesariamente las ciclov\u00edas. Lo que est\u00e1 marcado es el respeto, hagamos que esto nos sirva para hacer una gran campa\u00f1a de respeto\u201d,<\/em><\/strong> manifest\u00f3 el burgomaestre.<\/p>\n<p style=\"text-align: justify;\">Haciendo uso de un triciclo no motorizado con el cual se moviliz\u00f3 por el Damero de Pizarro, Casta\u00f1eda Lossio encabez\u00f3 las actividades por el <em>\u00abD\u00eda sin Auto\u00bb,<\/em> que se realizaron en diferentes puntos de la ciudad de Lima.<\/p>\n<p style=\"text-align: justify;\">Para ello fue necesario cerrar diferentes calles del Centro Hist\u00f3rico, como Conde de Superunda, las avenidas Tacna, Colmena y Abancay y el jir\u00f3n Ancash, donde por primera vez no pudieron ingresar veh\u00edculos particulares. Solo circularon los buses de El Metropolitano por la v\u00eda segregada.<\/p>\n<p style=\"text-align: justify;\">En el marco de todas las actividades, los visitantes pueden disfrutar de paseos en t\u00e1ndem, clases de ciclismo urbano, patines, ciclopikes, adem\u00e1s de alquilar bicicletas o hacer turismo en ellas por el Centro Hist\u00f3ricos de Lima.<\/p>\n<p style=\"text-align: justify;\">Tambi\u00e9n se programaron actividades en las plazas y plazuelas recientemente remodeladas de la comuna capitalina. En la Plaza Francia, por ejemplo, parejas de marinera y tondero demostrar\u00e1n los mejor de su arte acompa\u00f1ados de una banda de m\u00fasicos.<\/p>\n<p style=\"text-align: justify;\">La Plaza San Mart\u00edn ser\u00e1 escenario de una ensayo abierto de grupos folkl\u00f3ricos de caporales, mientras que la Orquesta Tropical y el Jazz Latino de la Polic\u00eda Nacional del Per\u00fa deleitar\u00e1n al p\u00fablico con su m\u00fasica. El cierre de la jornada bailable estar\u00e1 a cargo del reconocido grupo peruano Bareto<\/p>\n<p style=\"text-align: justify;\">Tambi\u00e9n se ha programada teatro para ni\u00f1os en la Plaza de la Democracia (Av. Nicol\u00e1s de Pi\u00e9rola con Jr. Lampa). El graffiti y el arte urbano se podr\u00e1 aprender y apreciar en el Parque de la Cultura (Av. Nicol\u00e1s de Pi\u00e9rola con Jr. Az\u00e1ngaro).<\/p>\n<p style=\"text-align: justify;\">Para la plaza Vallejo (Jr. Huancavelica cuadra 2) se ha programado la declamaci\u00f3n sobre C\u00e9sar Vallejo a cargo de Diego Lazarte y una marat\u00f3n de poes\u00eda. En el pasaje Santa Rosa (costado de Municipalidad de Lima) se podr\u00e1 participar del taller de sancos y una ceremonia andina, adem\u00e1s de una exposici\u00f3n permanente de historietas a cargo de Mart\u00edn Oseayo, teatro para ni\u00f1os y las Tunas de la Universidad San Mart\u00edn de Porres.<\/p>\n<p style=\"text-align: justify;\">En el pasaje Olaya se presentar\u00e1n los m\u00fasicos Oscar Render\u00eda (trombonista) y Oscar Conejero (guitarrista) y en la primera cuadra del jr. \u00c1ncash el trovador Jos\u00e9 Villalobos y Anthony Luj\u00e1n (folclore fusi\u00f3n). Maestros de las Escuela Nacional de Folklore dictar\u00e1n clases de festejo, Huaylas y marinera norte\u00f1a en el Pasaje Ica-Ucayali.<\/p>\n<p style=\"text-align: justify;\">F\/ Andina<\/p>\n","protected":false},"excerpt":{"rendered":"<p>Lima, set. 27. El alcalde de Lima, Luis Casta\u00f1eda Lossio, defendi\u00f3 \u00a0la campa\u00f1a \u00abUn D\u00eda sin Auto\u00bb en la ciudad capital, e hizo un llamado a la ciudadan\u00eda para respetar a los ciclistas y a los peatones porque, \u201ccuando empecemos a hacerlo, las cosas van a mejorar\u201d. En el marco de la campa\u00f1a \u201cAl Damero de Pizarro sin Carro\u201d, que busca fomentar el ciclismo y el tr\u00e1nsito peatonal, Casta\u00f1eda sostuvo que no siempre es necesario demarcar los l\u00edmites para las ciclov\u00edas y para que se respete a los ciclistas. \u201cEn otras grandes ciudades, por ejemplo, no est\u00e1n marcadas necesariamente las&#8230;<\/p>\n","protected":false},"author":1,"featured_media":0,"comment_status":"open","ping_status":"open","sticky":false,"template":"","format":"standard","meta":{"footnotes":""},"categories":[1],"tags":[5160,321,1849,340,749],"class_list":["post-16465","post","type-post","status-publish","format-standard","hentry","category-sin-categoria","tag-en-bicicleta-a-lima","tag-lima","tag-luis-castaneda-lossio","tag-peru","tag-turistamagazine"],"_links":{"self":[{"href":"https:\/\/www.turistamagazine.com\/v2\/index.php?rest_route=\/wp\/v2\/posts\/16465","targetHints":{"allow":["GET"]}}],"collection":[{"href":"https:\/\/www.turistamagazine.com\/v2\/index.php?rest_route=\/wp\/v2\/posts"}],"about":[{"href":"https:\/\/www.turistamagazine.com\/v2\/index.php?rest_route=\/wp\/v2\/types\/post"}],"author":[{"embeddable":true,"href":"https:\/\/www.turistamagazine.com\/v2\/index.php?rest_route=\/wp\/v2\/users\/1"}],"replies":[{"embeddable":true,"href":"https:\/\/www.turistamagazine.com\/v2\/index.php?rest_route=%2Fwp%2Fv2%2Fcomments&post=16465"}],"version-history":[{"count":2,"href":"https:\/\/www.turistamagazine.com\/v2\/index.php?rest_route=\/wp\/v2\/posts\/16465\/revisions"}],"predecessor-version":[{"id":16468,"href":"https:\/\/www.turistamagazine.com\/v2\/index.php?rest_route=\/wp\/v2\/posts\/16465\/revisions\/16468"}],"wp:attachment":[{"href":"https:\/\/www.turistamagazine.com\/v2\/index.php?rest_route=%2Fwp%2Fv2%2Fmedia&parent=16465"}],"wp:term":[{"taxonomy":"category","embeddable":true,"href":"https:\/\/www.turistamagazine.com\/v2\/index.php?rest_route=%2Fwp%2Fv2%2Fcategories&post=16465"},{"taxonomy":"post_tag","embeddable":true,"href":"https:\/\/www.turistamagazine.com\/v2\/index.php?rest_route=%2Fwp%2Fv2%2Ftags&post=16465"}],"curies":[{"name":"wp","href":"https:\/\/api.w.org\/{rel}","templated":true}]}}