{"id":16380,"date":"2015-09-24T07:54:19","date_gmt":"2015-09-24T12:54:19","guid":{"rendered":"http:\/\/www.turistamagazine.com\/v2\/?p=16380"},"modified":"2015-09-24T07:54:19","modified_gmt":"2015-09-24T12:54:19","slug":"region-cajamarca-ejecuta-obras-de-prevencion-en-otuzco-por-el-nino","status":"publish","type":"post","link":"https:\/\/www.turistamagazine.com\/v2\/?p=16380","title":{"rendered":"REGI\u00d3N CAJAMARCA EJECUTA OBRAS DE PREVENCI\u00d3N EN OTUZCO POR EL NI\u00d1O"},"content":{"rendered":"<p style=\"text-align: justify;\">Lima, set. 24. En el sitio arqueol\u00f3gico conocido como las Ventanillas de Otuzco en la regi\u00f3n Cajamarca se est\u00e1n tomando todas las precauciones para que las fuertes lluvias asociadas al Fen\u00f3meno El Ni\u00f1o, no afecten a esta parte importante del patrimonio del pa\u00eds.<\/p>\n<p style=\"text-align: justify;\">As\u00ed lo inform\u00f3 a la Agencia Andina, la titular de la Direcci\u00f3n Desconcentrada de Cultura de Cajamarca, Carla D\u00edaz, quien sostuvo que ya se ejecutan todas las medidas preventivas en todos los lugares que se han identificado como vulnerables a las intensas precipitaciones.<\/p>\n<p style=\"text-align: justify;\">\u00abEstamos reforzando la membrana que se coloc\u00f3 en un sector, ya que las filtraciones en las piedras estaban empezando a producir que esta se separe de la roca matriz, entonces el a\u00f1o pasado se coloc\u00f3 para evitar que el agua entre a este sector\u00bb, asever\u00f3.<\/p>\n<p style=\"text-align: justify;\">Sostuvo que este tipo de infraestructura protege a una grieta del sitio arqueol\u00f3gico y de no colocarse sobre la falla natural ocasionar\u00eda que la humedad permita el crecimiento de plantas cuyas ra\u00edces empujar\u00edan un sector de la roca, haci\u00e9ndola colapsar.<\/p>\n<p style=\"text-align: justify;\">Inform\u00f3 que tambi\u00e9n se realiza la limpieza de vegetaci\u00f3n cercana desde la ra\u00edz para que no vuelvan a crecer y amenacen la estructura de roca de este sitio arqueol\u00f3gico.<\/p>\n<p style=\"text-align: justify;\">Las Ventanillas de Otuzco se encuentran en el centro poblado menor del mismo nombre, en el distrito de Ba\u00f1os del Inca, a una altitud de 2,850 metros sobre el nivel del mar a una distancia de 8 kil\u00f3metros de la ciudad de Cajamarca.<\/p>\n<p style=\"text-align: justify;\">De otro lado, consultada por el famoso Cuarto del Rescate, la funcionaria inform\u00f3 que se encuentra en un sitio controlado pues cuenta con todas las cubiertas necesarias para que no se presenten da\u00f1os por lluvias intensas.<\/p>\n<p style=\"text-align: justify;\">Sobre el zona arqueol\u00f3gica de Cumbemayo, manifest\u00f3 que este lugar ubicado a 19 kil\u00f3metros de la ciudad de Cajamarca, no representa alg\u00fan peligro de inundaciones, pero igual se realizan labores de mantenimiento de la infraestructura existente y la limpieza de los canales.<\/p>\n<p style=\"text-align: justify;\">Respecto a las iglesias coloniales existentes en la ciudad, manifest\u00f3 que tambi\u00e9n deben realizarse las medidas preventivas, ya que por lo general fueron construidas con piedra de caracter\u00edstica porosa y que guarda mucha humedad durante lluvias.<\/p>\n<p style=\"text-align: justify;\">\u00abEstamos esperando las indicaciones del Ministerio de Cultura, vinieron especialistas a evaluar la estructura en piedra y en base a\u00a0 sus recomendaciones empezaremos las coordinaciones con los responsables de las iglesias como La Catedral, San Francisco, La Recoleta\u00bb<\/p>\n<p style=\"text-align: justify;\">Afirm\u00f3 que en los pr\u00f3ximos d\u00edas se tendr\u00e1n las recomendaciones del sector Cultura para coordinar las acciones de prevenci\u00f3n en los templos construidos en piedra.<\/p>\n<p>\u00a0F\/Andina<\/p>\n","protected":false},"excerpt":{"rendered":"<p>Lima, set. 24. En el sitio arqueol\u00f3gico conocido como las Ventanillas de Otuzco en la regi\u00f3n Cajamarca se est\u00e1n tomando todas las precauciones para que las fuertes lluvias asociadas al Fen\u00f3meno El Ni\u00f1o, no afecten a esta parte importante del patrimonio del pa\u00eds. As\u00ed lo inform\u00f3 a la Agencia Andina, la titular de la Direcci\u00f3n Desconcentrada de Cultura de Cajamarca, Carla D\u00edaz, quien sostuvo que ya se ejecutan todas las medidas preventivas en todos los lugares que se han identificado como vulnerables a las intensas precipitaciones. \u00abEstamos reforzando la membrana que se coloc\u00f3 en un sector, ya que las filtraciones&#8230;<\/p>\n","protected":false},"author":1,"featured_media":0,"comment_status":"open","ping_status":"open","sticky":false,"template":"","format":"standard","meta":{"footnotes":""},"categories":[4,82],"tags":[393,321,340,117,749,5150,5149],"class_list":["post-16380","post","type-post","status-publish","format-standard","hentry","category-breaking-news","category-nacionales","tag-cajamarca","tag-lima","tag-peru","tag-promocion-turistica","tag-turistamagazine","tag-ventanillas-de-otuzc","tag-zona-arqueologica-de-cumbemayo"],"_links":{"self":[{"href":"https:\/\/www.turistamagazine.com\/v2\/index.php?rest_route=\/wp\/v2\/posts\/16380","targetHints":{"allow":["GET"]}}],"collection":[{"href":"https:\/\/www.turistamagazine.com\/v2\/index.php?rest_route=\/wp\/v2\/posts"}],"about":[{"href":"https:\/\/www.turistamagazine.com\/v2\/index.php?rest_route=\/wp\/v2\/types\/post"}],"author":[{"embeddable":true,"href":"https:\/\/www.turistamagazine.com\/v2\/index.php?rest_route=\/wp\/v2\/users\/1"}],"replies":[{"embeddable":true,"href":"https:\/\/www.turistamagazine.com\/v2\/index.php?rest_route=%2Fwp%2Fv2%2Fcomments&post=16380"}],"version-history":[{"count":3,"href":"https:\/\/www.turistamagazine.com\/v2\/index.php?rest_route=\/wp\/v2\/posts\/16380\/revisions"}],"predecessor-version":[{"id":16384,"href":"https:\/\/www.turistamagazine.com\/v2\/index.php?rest_route=\/wp\/v2\/posts\/16380\/revisions\/16384"}],"wp:attachment":[{"href":"https:\/\/www.turistamagazine.com\/v2\/index.php?rest_route=%2Fwp%2Fv2%2Fmedia&parent=16380"}],"wp:term":[{"taxonomy":"category","embeddable":true,"href":"https:\/\/www.turistamagazine.com\/v2\/index.php?rest_route=%2Fwp%2Fv2%2Fcategories&post=16380"},{"taxonomy":"post_tag","embeddable":true,"href":"https:\/\/www.turistamagazine.com\/v2\/index.php?rest_route=%2Fwp%2Fv2%2Ftags&post=16380"}],"curies":[{"name":"wp","href":"https:\/\/api.w.org\/{rel}","templated":true}]}}