{"id":1603,"date":"2014-02-11T08:37:43","date_gmt":"2014-02-11T13:37:43","guid":{"rendered":"http:\/\/www.turistamagazine.com\/v2\/?p=1603"},"modified":"2014-02-11T08:37:43","modified_gmt":"2014-02-11T13:37:43","slug":"peru-embanderan-principal-avenida-de-puno-para-el-paso-de-la-virgen-de-la-candelaria","status":"publish","type":"post","link":"https:\/\/www.turistamagazine.com\/v2\/?p=1603","title":{"rendered":"PERU: EMBANDERAN PRINCIPAL AVENIDA DE PUNO PARA EL PASO DE LA VIRGEN DE LA CANDELARIA"},"content":{"rendered":"<p style=\"text-align: justify;\">Puno.- El Gobierno Regional de Puno dispuso el embanderamiento de la avenida Sim\u00f3n Bolivar, con el estandarte regional, para el desplazamiento de las bandas de m\u00fasica y danzarines que se han dado cita en la ciudad altipl\u00e1nica para las festividades de la Virgen de la candelaria, se inform\u00f3 hoy.<\/p>\n<p style=\"text-align: justify;\">\u00a0Adem\u00e1s de las 600 banderas, tambi\u00e9n se han colocado m\u00e1s de 2,000 separadores que permite ordenar la fiesta y que los danzarines tengan la comodidad en su desplazamiento y que el p\u00fablico no pueda circular en desorden.<\/p>\n<p style=\"text-align: justify;\">\u00a0Asimismo se ha brindado apoyo con personal de seguridad para la tranquilidad de los visitantes y la distribuci\u00f3n de material gr\u00e1fico para dar a conocer a los turistas las ricas manifestaciones pune\u00f1as.<\/p>\n<p style=\"text-align: justify;\">\u00a0El vicepresidente regional de Puno, Sa\u00fal Bermejo Paredes, encabez\u00f3 expres\u00f3 su saludo a todos los ciudadanos de Puno que participan como danzarines y espectadores de la fiesta m\u00e1s importante de la regi\u00f3n y el pa\u00eds, como es la Virgen de la Candelaria.<\/p>\n<p style=\"text-align: justify;\">\u00a0Al respecto, se\u00f1al\u00f3 que el Gobierno Regional se complace en entregar la avenida Sim\u00f3n Bol\u00edvar que permite que el folklores y la tradici\u00f3n pueda expresarse en su real dimensi\u00f3n.<\/p>\n<p style=\"text-align: justify;\">\u00a0\u201cHay un compromiso decidido de apostar por la cultura que no solo es el habilitar la avenida Bol\u00edvar, sino motivar a todos los conjuntos participantes con una subvenci\u00f3n econ\u00f3mica para que puedan aliviar en algo sus gastos, es una manera que el Gobierno Regional se identifica y apoya a las manifestaciones del arte y la cultura\u201d, destac\u00f3.<\/p>\n<p style=\"text-align: justify;\">\u00a0Al resaltar la hermandad de todos los pune\u00f1os y el espect\u00e1culo hermoso que se desarrolla por vez primera en una avenida tan amplia donde el Gobierno Regional est\u00e1 cumpliendo un rol importante, mejorando las condiciones de la Capital Folkl\u00f3rica del Per\u00fa.<\/p>\n<p style=\"text-align: justify;\">\u00a0Mencion\u00f3 tambi\u00e9n el proyecto Mejoramiento de las Capacidades Culturales y Art\u00edsticas de la Regi\u00f3n Puno donde se ha invertido m\u00e1s de medio mill\u00f3n de soles para dar las condiciones a la festividad, adem\u00e1s de varias actividades importantes; cit\u00f3.<\/p>\n<p style=\"text-align: justify;\">\u00a0Asimismo, el Gobierno Regional de Puno apost\u00f3 en forma decidida en el desarrollo de la festividad Virgen Mar\u00eda de la Candelaria 2014 y como siguiente paso, generar\u00e1 un proyecto para el registro y catalogaci\u00f3n de la m\u00fasica y la danza pune\u00f1a.<\/p>\n<p style=\"text-align: justify;\">\u00a0Esta consiste en registrar la m\u00fasica aut\u00f3ctona y las que est\u00e9n en proceso de extinci\u00f3n fundamentalmente, en lo que respecta a su vestimenta, su m\u00fasica y costumbres, que tendr\u00e1 como producto final dos aspectos importantes, un texto de 180 p\u00e1ginas donde se presentar\u00e1 todo lo que corresponde a la cultura, con registros fotogr\u00e1ficos y textos y 10 mil DVD con la presentaci\u00f3n de danzas pune\u00f1as especialmente del mundo andino rural.<\/p>\n<p style=\"text-align: justify;\">Foto:ANDINA\/Carlos Lezama<\/p>\n","protected":false},"excerpt":{"rendered":"<p>Puno.- El Gobierno Regional de Puno dispuso el embanderamiento de la avenida Sim\u00f3n Bolivar, con el estandarte regional, para el desplazamiento de las bandas de m\u00fasica y danzarines que se han dado cita en la ciudad altipl\u00e1nica para las festividades de la Virgen de la candelaria, se inform\u00f3 hoy. \u00a0Adem\u00e1s de las 600 banderas, tambi\u00e9n se han colocado m\u00e1s de 2,000 separadores que permite ordenar la fiesta y que los danzarines tengan la comodidad en su desplazamiento y que el p\u00fablico no pueda circular en desorden. \u00a0Asimismo se ha brindado apoyo con personal de seguridad para la tranquilidad de los&#8230;<\/p>\n","protected":false},"author":1,"featured_media":0,"comment_status":"open","ping_status":"open","sticky":false,"template":"","format":"standard","meta":{"footnotes":""},"categories":[4,82],"tags":[215,521],"class_list":["post-1603","post","type-post","status-publish","format-standard","hentry","category-breaking-news","category-nacionales","tag-puno","tag-virgen-maria-de-la-candelaria-2014"],"_links":{"self":[{"href":"https:\/\/www.turistamagazine.com\/v2\/index.php?rest_route=\/wp\/v2\/posts\/1603","targetHints":{"allow":["GET"]}}],"collection":[{"href":"https:\/\/www.turistamagazine.com\/v2\/index.php?rest_route=\/wp\/v2\/posts"}],"about":[{"href":"https:\/\/www.turistamagazine.com\/v2\/index.php?rest_route=\/wp\/v2\/types\/post"}],"author":[{"embeddable":true,"href":"https:\/\/www.turistamagazine.com\/v2\/index.php?rest_route=\/wp\/v2\/users\/1"}],"replies":[{"embeddable":true,"href":"https:\/\/www.turistamagazine.com\/v2\/index.php?rest_route=%2Fwp%2Fv2%2Fcomments&post=1603"}],"version-history":[{"count":2,"href":"https:\/\/www.turistamagazine.com\/v2\/index.php?rest_route=\/wp\/v2\/posts\/1603\/revisions"}],"predecessor-version":[{"id":1605,"href":"https:\/\/www.turistamagazine.com\/v2\/index.php?rest_route=\/wp\/v2\/posts\/1603\/revisions\/1605"}],"wp:attachment":[{"href":"https:\/\/www.turistamagazine.com\/v2\/index.php?rest_route=%2Fwp%2Fv2%2Fmedia&parent=1603"}],"wp:term":[{"taxonomy":"category","embeddable":true,"href":"https:\/\/www.turistamagazine.com\/v2\/index.php?rest_route=%2Fwp%2Fv2%2Fcategories&post=1603"},{"taxonomy":"post_tag","embeddable":true,"href":"https:\/\/www.turistamagazine.com\/v2\/index.php?rest_route=%2Fwp%2Fv2%2Ftags&post=1603"}],"curies":[{"name":"wp","href":"https:\/\/api.w.org\/{rel}","templated":true}]}}