{"id":1595,"date":"2014-02-11T08:25:40","date_gmt":"2014-02-11T13:25:40","guid":{"rendered":"http:\/\/www.turistamagazine.com\/v2\/?p=1595"},"modified":"2014-02-11T08:25:40","modified_gmt":"2014-02-11T13:25:40","slug":"colombia-presidente-ollanta-humala-inicia-visita-de-estado-a-ese-pais","status":"publish","type":"post","link":"https:\/\/www.turistamagazine.com\/v2\/?p=1595","title":{"rendered":"COLOMBIA: PRESIDENTE OLLANTA HUMALA INICIA VISITA DE ESTADO A ESE PA\u00cdS"},"content":{"rendered":"<p>Ciudad de Cartagena.-. El presidente peruano Ollanta Humala Tasso se reuni\u00f3 el lunes con las m\u00e1ximas autoridades de los Poderes Legislativo y Judicial de Colombia, en el inicio de una visita de Estado a este pa\u00eds que continuar\u00e1 hoy con un encuentro con su hom\u00f3logo Juan Manuel Santos.<\/p>\n<p>Tras culminar su participaci\u00f3n en la VIII Cumbre de la Alianza del P\u00e1cifico, el jefe de Estado sostuvo reuniones por separado con altas autoridades locales en la ciudad de Cartagena de Indias, ubicada en el departamento de Bol\u00edvar.<\/p>\n<p>Sostuvo un encuentro con el titular del Congreso colombiano, Juan Fernando Cristo, y tambi\u00e9n con el presidente de la Corte Suprema de Justicia de ese pa\u00eds, Luis Gabriel Miranda Buelvas.<\/p>\n<p>El martes 11 de febrero ser\u00e1 recibido en la Casa de Nari\u00f1o, en Bogot\u00e1,\u00a0 por el mandatario de Colombia, Juan Manuel Santos, con quien analizar\u00e1 las relaciones bilaterales y tratar\u00e1n temas de inter\u00e9s regional.<\/p>\n<p>Horas despu\u00e9s, el jefe de Estado peruano ser\u00e1 recibido en audiencia por el alcalde capitalino, Gustavo Petro.<\/p>\n<p>F\/Andina<\/p>\n","protected":false},"excerpt":{"rendered":"<p>Ciudad de Cartagena.-. El presidente peruano Ollanta Humala Tasso se reuni\u00f3 el lunes con las m\u00e1ximas autoridades de los Poderes Legislativo y Judicial de Colombia, en el inicio de una visita de Estado a este pa\u00eds que continuar\u00e1 hoy con un encuentro con su hom\u00f3logo Juan Manuel Santos. Tras culminar su participaci\u00f3n en la VIII Cumbre de la Alianza del P\u00e1cifico, el jefe de Estado sostuvo reuniones por separado con altas autoridades locales en la ciudad de Cartagena de Indias, ubicada en el departamento de Bol\u00edvar. Sostuvo un encuentro con el titular del Congreso colombiano, Juan Fernando Cristo, y tambi\u00e9n&#8230;<\/p>\n","protected":false},"author":1,"featured_media":0,"comment_status":"open","ping_status":"open","sticky":false,"template":"","format":"standard","meta":{"footnotes":""},"categories":[4,82],"tags":[206,498,236,519],"class_list":["post-1595","post","type-post","status-publish","format-standard","hentry","category-breaking-news","category-nacionales","tag-colombia","tag-juan-manuel-santos","tag-ollanta-humala","tag-viii-cumbre-de-la-alianza-del-pacifico"],"_links":{"self":[{"href":"https:\/\/www.turistamagazine.com\/v2\/index.php?rest_route=\/wp\/v2\/posts\/1595","targetHints":{"allow":["GET"]}}],"collection":[{"href":"https:\/\/www.turistamagazine.com\/v2\/index.php?rest_route=\/wp\/v2\/posts"}],"about":[{"href":"https:\/\/www.turistamagazine.com\/v2\/index.php?rest_route=\/wp\/v2\/types\/post"}],"author":[{"embeddable":true,"href":"https:\/\/www.turistamagazine.com\/v2\/index.php?rest_route=\/wp\/v2\/users\/1"}],"replies":[{"embeddable":true,"href":"https:\/\/www.turistamagazine.com\/v2\/index.php?rest_route=%2Fwp%2Fv2%2Fcomments&post=1595"}],"version-history":[{"count":2,"href":"https:\/\/www.turistamagazine.com\/v2\/index.php?rest_route=\/wp\/v2\/posts\/1595\/revisions"}],"predecessor-version":[{"id":1598,"href":"https:\/\/www.turistamagazine.com\/v2\/index.php?rest_route=\/wp\/v2\/posts\/1595\/revisions\/1598"}],"wp:attachment":[{"href":"https:\/\/www.turistamagazine.com\/v2\/index.php?rest_route=%2Fwp%2Fv2%2Fmedia&parent=1595"}],"wp:term":[{"taxonomy":"category","embeddable":true,"href":"https:\/\/www.turistamagazine.com\/v2\/index.php?rest_route=%2Fwp%2Fv2%2Fcategories&post=1595"},{"taxonomy":"post_tag","embeddable":true,"href":"https:\/\/www.turistamagazine.com\/v2\/index.php?rest_route=%2Fwp%2Fv2%2Ftags&post=1595"}],"curies":[{"name":"wp","href":"https:\/\/api.w.org\/{rel}","templated":true}]}}