{"id":15725,"date":"2015-09-03T08:14:53","date_gmt":"2015-09-03T13:14:53","guid":{"rendered":"http:\/\/www.turistamagazine.com\/v2\/?p=15725"},"modified":"2015-09-03T08:23:27","modified_gmt":"2015-09-03T13:23:27","slug":"el-perdon-en-el-jubileo-de-la-misericordia","status":"publish","type":"post","link":"https:\/\/www.turistamagazine.com\/v2\/?p=15725","title":{"rendered":"EL PERDON EN EL JUBILEO DE LA MISERICORDIA"},"content":{"rendered":"<p style=\"text-align: justify;\"><span style=\"color: #000080;\"><strong><em>Una noticia que ha remecido las estructuras\u00a0 del dogmatismo de la Iglesia cat\u00f3lica ha sido la reciente declaraci\u00f3n del Papa, acerca que las mujeres que han \u201csufrido\u201d un aborto puedan ser perdonadas, si realmente est\u00e1n arrepentidas de ello, y utilizamos la vocablo \u201csufrido\u201d, ya que estamos seguros que las mujeres que se han sometido a una experiencia tan traum\u00e1tica, deben sentir una culpabilidad tan grande que ser\u00e1 una pesada mochila que cargar\u00e1n toda su vida, si es que no logran superar esa decisi\u00f3n que por razones que s\u00f3lo ella sabe, tuvo que aceptar cometer ese crimen<\/em><\/strong><\/span>\u2026<\/p>\n<p style=\"text-align: justify;\">Las mujeres nacieron para ser madres, su estructura corporal como espiritual est\u00e1 preparada para eso, no importa lo que digan las llamadas mujeres del siglo XXI\u2026 El ser madre no impide realizarse como profesional a ninguna mujer si sabe manejar sus tiempos, lo dem\u00e1s es una excusa\u2026<\/p>\n<p style=\"text-align: justify;\">Admiramos al Papa Francisco, por esa\u00a0 clarividencia que trasciende su humanidad y hace que la Iglesia cat\u00f3lica est\u00e9 m\u00e1s cerca de sus fieles, la Iglesia est\u00e1 cambiando y lo notamos en nuestra pr\u00e1ctica religiosa.<\/p>\n<p style=\"text-align: justify;\">\u00a0El Papa agrega \u00a0<strong><em><span style=\"color: #000080;\">\u201cUno de los grandes problemas de nuestro tiempo es el cambio de c\u00f3mo nos relacionamos con la vida. Una mentalidad muy difusa ha hecho perder la debida sensibilidad personal y social hacia la acogida de una nueva vida\u00bb, \u201ces una dolorosa cicatriz en el alma de estas mujeres, que merecen el perd\u00f3n de Dios si est\u00e1n arrepentidas de coraz\u00f3n\u201d<\/span><\/em><\/strong>\u2026 Santa palabra\u2026<\/p>\n<p style=\"text-align: justify;\">\u00a0Desear\u00edamos extendernos en un an\u00e1lisis de esta controvertida decisi\u00f3n, no obstante en nuestra b\u00fasqueda de material para ello, encontramos esta experiencia desgarradora de una mujer que pas\u00f3 por esta dolorosa situaci\u00f3n, que nos ilustra acerca de lo que siente una mujer que \u201csufre\u201d un aborto.<\/p>\n<p style=\"text-align: justify;\">Loraine Alison\u00a0 comparte su sentir tratando de contribuir a la sanaci\u00f3n de much\u00edsimas mujeres que se ven obligadas a <em><strong><span style=\"color: #000080;\">\u201csufrir\u201d<\/span> <\/strong><\/em>un aborto\u2026 Insertaremos \u00a0unos p\u00e1rrafos, pero vale la pena leer el art\u00edculo completo, click al link al final de este comentario\u2026<\/p>\n<p style=\"text-align: justify;\"><em><strong><span style=\"color: #000080;\">\u00ab\u00bfPuede una mujer experimentar el perd\u00f3n y la sanaci\u00f3n despu\u00e9s de un aborto?<\/span><\/strong> <span style=\"color: #000080;\">Por mi propia experiencia yo s\u00e9 que esto es posible si hay un deseo sincero de ser perdonada y sanada emocionalmente. No se trata de un procedimiento f\u00e1cil o instant\u00e1neo, pero lo puede lograr quienquiera que busque verdaderamente la misericordia de Dios. El mismo procedimiento puede aplicarse a todos aquellos que estuvieron implicados indirectamente en el hecho del aborto: esposo, novio, padres, profesionales, m\u00e9dicos y psic\u00f3logos, a todos los que se hallan afligidos y sufren las heridas consecuentes de un aborto provocado. Aqu\u00ed resumo brevemente los pasos que fueron necesarios para m\u00ed y para otras mujeres que fueron v\u00edctimas de esta tragedia\u00bb<\/span><\/em><\/p>\n<p style=\"text-align: justify;\"><strong><em><span style=\"color: #000080;\">\u201cDeseo de perdonarse uno a s\u00ed mismo. El perd\u00f3n de s\u00ed mismo es quiz\u00e1 la fase m\u00e1s dif\u00edcil de todo este recorrido. Uno ha reducido a a\u00f1icos su propia imagen, creyendo haber cometido el m\u00e1s detestable de los pecados.<\/span> <\/em><\/strong><em><span style=\"color: #000080;\">Muchas de nosotras sentimos la necesidad de castigarnos a nosotras mismas a consecuencia del aborto cometido. Con frecuencia muchas lo hacemos inconscientemente; porque no podemos perdonarnos, sentimos que se ahonda en nosotras la necesidad de autodestruirnos. Al experimentar personalmente el amor de Dios y su perd\u00f3n, he descubierto que Dios no es el Juez iracundo que yo ve\u00eda en El cuando era ni\u00f1a, sino que es un Dios que quiere que yo est\u00e9 en paz y que se acabe mi propio silencioso sufrimiento. Dios sab\u00eda que, como seres humanos que somos, \u00edbamos a cometer el pecado, pero Dios, como padre amoroso que es, est\u00e1 dispuesto al perd\u00f3n. Si nos proponemos reflexionar detenidamente en ese amor que \u00c9l nos tiene poco a poco encontraremos la fuerza que necesitamos para perdonarnos a nosotros mismos\u201d.<\/span><\/em><\/p>\n<p style=\"text-align: justify;\"><em><strong><span style=\"color: #000080;\">Una confesi\u00f3n desgarradora,\u00a0 empero plena de luz y de esperanza en la justicia omnipotente y el amor que Dios le tiene a todos sus hijos, sin imp\u00f3rtale el tama\u00f1o del\u00a0 \u201cerror\u201d\u2026<\/span><\/strong><\/em><\/p>\n<p style=\"text-align: justify;\">http:\/\/www.mercaba.org\/ARTICULOS\/A\/ABORTO_PENITENCIA.htm<\/p>\n<p style=\"text-align: right;\"><strong>Elena Villar\u00a0<\/strong><\/p>\n","protected":false},"excerpt":{"rendered":"<p>Una noticia que ha remecido las estructuras\u00a0 del dogmatismo de la Iglesia cat\u00f3lica ha sido la reciente declaraci\u00f3n del Papa, acerca que las mujeres que han \u201csufrido\u201d un aborto puedan ser perdonadas, si realmente est\u00e1n arrepentidas de ello, y utilizamos la vocablo \u201csufrido\u201d, ya que estamos seguros que las mujeres que se han sometido a una experiencia tan traum\u00e1tica, deben sentir una culpabilidad tan grande que ser\u00e1 una pesada mochila que cargar\u00e1n toda su vida, si es que no logran superar esa decisi\u00f3n que por razones que s\u00f3lo ella sabe, tuvo que aceptar cometer ese crimen\u2026 Las mujeres nacieron para&#8230;<\/p>\n","protected":false},"author":1,"featured_media":0,"comment_status":"open","ping_status":"open","sticky":false,"template":"","format":"standard","meta":{"footnotes":""},"categories":[90],"tags":[5020,99,171,749],"class_list":["post-15725","post","type-post","status-publish","format-standard","hentry","category-pensando-en-voz-alta","tag-el-perdon-y-el-aborto","tag-elenita-villar","tag-papa-francisco","tag-turistamagazine"],"_links":{"self":[{"href":"https:\/\/www.turistamagazine.com\/v2\/index.php?rest_route=\/wp\/v2\/posts\/15725","targetHints":{"allow":["GET"]}}],"collection":[{"href":"https:\/\/www.turistamagazine.com\/v2\/index.php?rest_route=\/wp\/v2\/posts"}],"about":[{"href":"https:\/\/www.turistamagazine.com\/v2\/index.php?rest_route=\/wp\/v2\/types\/post"}],"author":[{"embeddable":true,"href":"https:\/\/www.turistamagazine.com\/v2\/index.php?rest_route=\/wp\/v2\/users\/1"}],"replies":[{"embeddable":true,"href":"https:\/\/www.turistamagazine.com\/v2\/index.php?rest_route=%2Fwp%2Fv2%2Fcomments&post=15725"}],"version-history":[{"count":3,"href":"https:\/\/www.turistamagazine.com\/v2\/index.php?rest_route=\/wp\/v2\/posts\/15725\/revisions"}],"predecessor-version":[{"id":15727,"href":"https:\/\/www.turistamagazine.com\/v2\/index.php?rest_route=\/wp\/v2\/posts\/15725\/revisions\/15727"}],"wp:attachment":[{"href":"https:\/\/www.turistamagazine.com\/v2\/index.php?rest_route=%2Fwp%2Fv2%2Fmedia&parent=15725"}],"wp:term":[{"taxonomy":"category","embeddable":true,"href":"https:\/\/www.turistamagazine.com\/v2\/index.php?rest_route=%2Fwp%2Fv2%2Fcategories&post=15725"},{"taxonomy":"post_tag","embeddable":true,"href":"https:\/\/www.turistamagazine.com\/v2\/index.php?rest_route=%2Fwp%2Fv2%2Ftags&post=15725"}],"curies":[{"name":"wp","href":"https:\/\/api.w.org\/{rel}","templated":true}]}}