{"id":15668,"date":"2015-08-31T08:55:14","date_gmt":"2015-08-31T13:55:14","guid":{"rendered":"http:\/\/www.turistamagazine.com\/v2\/?p=15668"},"modified":"2015-08-31T08:55:14","modified_gmt":"2015-08-31T13:55:14","slug":"tony-tyler-dejara-la-presidencia-de-iata-en-junio-de-2016","status":"publish","type":"post","link":"https:\/\/www.turistamagazine.com\/v2\/?p=15668","title":{"rendered":"TONY TYLER DEJAR\u00c1 LA PRESIDENCIA DE IATA EN JUNIO DE 2016"},"content":{"rendered":"<p style=\"text-align: justify;\" align=\"center\">31 DE AGOSTO 2015.- Tony Tyler, director general y CEO de la Asociaci\u00f3n Internacional de Transporte A\u00e9reo (IATA), anunci\u00f3 este viernes que en mayo de 2016 dejar\u00e1 el cargo luego de cinco a\u00f1os.<\/p>\n<p style=\"text-align: justify;\"><strong><em>\u201cLuego de cinco a\u00f1os como director general y CEO de IATA, creo que ser\u00e1 hora de que me retire y deje la organizaci\u00f3n; es un gran privilegio y responsabilidad conducir la IATA y estoy orgulloso de lo que el equipo de IATA est\u00e1 logrando durante esta gesti\u00f3n\u201d, <\/em><\/strong>expres\u00f3 Tony Tyler en un comunicado en el que se anuncia su renuncia al cargo para junio de 2016.<\/p>\n<p style=\"text-align: justify;\">\u201cReconozco el apoyo que recibo de la Junta de Gobernadores y los miembros de la organizaci\u00f3n, as\u00ed como de mis colegas. Sigo estando comprometido con el liderazgo de IATA hasta que mi sucesor sea nombrado en junio del a\u00f1o que viene\u201d, dijo el ejecutivo.<\/p>\n<p style=\"text-align: justify;\">\u00a0\u201cTony Tyler es un l\u00edder muy efectivo de IATA, que est\u00e1 obteniendo logros en su rol como director general y CEO; lamento que deje la Asociaci\u00f3n pero respeto su decisi\u00f3n de retirarse el pr\u00f3ximo a\u00f1o luego de una larga y exitosa carrera en la aviaci\u00f3n\u201d, manifest\u00f3 Andr\u00e9s Conesa, director ejecutivo de Aerom\u00e9xico y secretario de la Junta de Gobernadores de IATA.<\/p>\n<p style=\"text-align: justify;\">\u201cAhora comenzar\u00e1 la b\u00fasqueda de un sucesor que ser\u00e1 nombrado en la pr\u00f3xima Reuni\u00f3n General Anual de IATA en Dubl\u00edn en junio de 2016. Mientras, la Junta continuar\u00e1 guiando y respaldando a Tony y su equipo en su misi\u00f3n por llevar adelante una industria a\u00e9rea segura, eficiente y sostenible\u201d, indic\u00f3 Conesa,<\/p>\n<p style=\"text-align: justify;\">Antes de ser nombrado como CEO de IATA en 2011 Tyler fue director ejecutivo de Cathay Pacific Airways en Hong Kong, un cargo en el que se desempe\u00f1\u00f3 al mismo tiempo que ocupaba un puesto en la Junta de Gobernadores, de la cual fue secreta.<\/p>\n<p style=\"text-align: justify;\">F\/ Hosteltur<\/p>\n","protected":false},"excerpt":{"rendered":"<p>31 DE AGOSTO 2015.- Tony Tyler, director general y CEO de la Asociaci\u00f3n Internacional de Transporte A\u00e9reo (IATA), anunci\u00f3 este viernes que en mayo de 2016 dejar\u00e1 el cargo luego de cinco a\u00f1os. \u201cLuego de cinco a\u00f1os como director general y CEO de IATA, creo que ser\u00e1 hora de que me retire y deje la organizaci\u00f3n; es un gran privilegio y responsabilidad conducir la IATA y estoy orgulloso de lo que el equipo de IATA est\u00e1 logrando durante esta gesti\u00f3n\u201d, expres\u00f3 Tony Tyler en un comunicado en el que se anuncia su renuncia al cargo para junio de 2016. \u201cReconozco&#8230;<\/p>\n","protected":false},"author":1,"featured_media":0,"comment_status":"open","ping_status":"open","sticky":false,"template":"","format":"standard","meta":{"footnotes":""},"categories":[4,84],"tags":[5012,5011,2447,1027,5010,396,749],"class_list":["post-15668","post","type-post","status-publish","format-standard","hentry","category-breaking-news","category-internacionales","tag-andres-conesa","tag-asociacion-internacional-de-transporte-aereo","tag-iata","tag-latinoamerica","tag-tony-tyler","tag-transporte-aereo","tag-turistamagazine"],"_links":{"self":[{"href":"https:\/\/www.turistamagazine.com\/v2\/index.php?rest_route=\/wp\/v2\/posts\/15668","targetHints":{"allow":["GET"]}}],"collection":[{"href":"https:\/\/www.turistamagazine.com\/v2\/index.php?rest_route=\/wp\/v2\/posts"}],"about":[{"href":"https:\/\/www.turistamagazine.com\/v2\/index.php?rest_route=\/wp\/v2\/types\/post"}],"author":[{"embeddable":true,"href":"https:\/\/www.turistamagazine.com\/v2\/index.php?rest_route=\/wp\/v2\/users\/1"}],"replies":[{"embeddable":true,"href":"https:\/\/www.turistamagazine.com\/v2\/index.php?rest_route=%2Fwp%2Fv2%2Fcomments&post=15668"}],"version-history":[{"count":3,"href":"https:\/\/www.turistamagazine.com\/v2\/index.php?rest_route=\/wp\/v2\/posts\/15668\/revisions"}],"predecessor-version":[{"id":15672,"href":"https:\/\/www.turistamagazine.com\/v2\/index.php?rest_route=\/wp\/v2\/posts\/15668\/revisions\/15672"}],"wp:attachment":[{"href":"https:\/\/www.turistamagazine.com\/v2\/index.php?rest_route=%2Fwp%2Fv2%2Fmedia&parent=15668"}],"wp:term":[{"taxonomy":"category","embeddable":true,"href":"https:\/\/www.turistamagazine.com\/v2\/index.php?rest_route=%2Fwp%2Fv2%2Fcategories&post=15668"},{"taxonomy":"post_tag","embeddable":true,"href":"https:\/\/www.turistamagazine.com\/v2\/index.php?rest_route=%2Fwp%2Fv2%2Ftags&post=15668"}],"curies":[{"name":"wp","href":"https:\/\/api.w.org\/{rel}","templated":true}]}}