{"id":1542,"date":"2014-02-10T09:42:02","date_gmt":"2014-02-10T14:42:02","guid":{"rendered":"http:\/\/www.turistamagazine.com\/v2\/?p=1542"},"modified":"2014-02-10T09:42:02","modified_gmt":"2014-02-10T14:42:02","slug":"peru-jefe-del-estado-llego-a-cartagena-para-asistir-a-cumbre-de-alianza-del-pacifico","status":"publish","type":"post","link":"https:\/\/www.turistamagazine.com\/v2\/?p=1542","title":{"rendered":"PERU: JEFE DEL ESTADO LLEG\u00d3 A CARTAGENA PARA ASISTIR A CUMBRE DE ALIANZA DEL PAC\u00cdFICO"},"content":{"rendered":"<p style=\"text-align: justify;\">El presidente Ollanta Humala Tasso arrib\u00f3 esta tarde a la ciudad de Cartagena de Indias, donde participar\u00e1 ma\u00f1ana en la VIII Cumbre de la Alianza del Pac\u00edfico junto con sus hom\u00f3logos Juan Manuel Santos de Colombia, Enrique Pe\u00f1a Nieto de M\u00e9xico y Sebasti\u00e1n Pi\u00f1era de Chile.<\/p>\n<p style=\"text-align: justify;\">\u00a0La Secretar\u00eda de Prensa de la Presidencia de la Rep\u00fablica inform\u00f3 que el primer mandatario arrib\u00f3 a esta ciudad a las 17.30 horas de Lima.<\/p>\n<p style=\"text-align: justify;\">A su arribo al aeropuerto internacional de Cartagena, donde fue recibido por la ministra de Relaciones Exteriores de Colombia, Mar\u00eda \u00c1ngela Holgu\u00edn, el jefe del Estado expres\u00f3 un saludo a todo el valeroso pueblo colombiano y dese\u00f3 \u201c\u00e9xitos en las gestiones de paz\u201d que realizan.<\/p>\n<p style=\"text-align: justify;\">A\u00f1adi\u00f3 que a esta cumbre de la Alianza del Pac\u00edfico el Per\u00fa acude como \u201cun socio y un hermano\u00bb para finiquitar los acuerdos comerciales \u00abque expresan la voluntad pol\u00edtica de cuatro pueblos hermanos: M\u00e9xico, Colombia, Chile y Per\u00fa\u201d.<\/p>\n<p style=\"text-align: justify;\">De acuerdo a la agenda oficial, el presidente Humala ma\u00f1ana participar\u00e1 en la ceremonia inaugural de la VIII Cumbre de la Alianza del Pac\u00edfico, en el Centro de Convenciones Julio C\u00e9sar Turbay Ayala, desde las 10:00 horas.<\/p>\n<p style=\"text-align: justify;\">Asimismo, Humala y los lefes de Estado sostendr\u00e1n una sesi\u00f3n de trabajo a partir de las 10:30 horas, para luego reunirse con los miembros del Consejo Empresarial de este foro de integraci\u00f3n.<\/p>\n<p style=\"text-align: justify;\">A partir de las 15:30 horas se realizar\u00e1 la firma del Protocolo Adicional al Acuerdo Marco y de la Declaraci\u00f3n de la VIII Cumbre de la Alianza del Pac\u00edfico.<\/p>\n<p style=\"text-align: justify;\">Durante esta reuni\u00f3n se ejecutar\u00e1 tambi\u00e9n la firma de la Declaraci\u00f3n sobre la decisi\u00f3n de Costa Rica de adherirse al Acuerdo Marco de la Alianza del Pac\u00edfico.<\/p>\n<p style=\"text-align: justify;\">El presidente Humala viaj\u00f3 a Cartagena de Indias acompa\u00f1ado por la canciller Eda Rivas y la Primera Dama, Nadine Heredia.<\/p>\n","protected":false},"excerpt":{"rendered":"<p>El presidente Ollanta Humala Tasso arrib\u00f3 esta tarde a la ciudad de Cartagena de Indias, donde participar\u00e1 ma\u00f1ana en la VIII Cumbre de la Alianza del Pac\u00edfico junto con sus hom\u00f3logos Juan Manuel Santos de Colombia, Enrique Pe\u00f1a Nieto de M\u00e9xico y Sebasti\u00e1n Pi\u00f1era de Chile. \u00a0La Secretar\u00eda de Prensa de la Presidencia de la Rep\u00fablica inform\u00f3 que el primer mandatario arrib\u00f3 a esta ciudad a las 17.30 horas de Lima. A su arribo al aeropuerto internacional de Cartagena, donde fue recibido por la ministra de Relaciones Exteriores de Colombia, Mar\u00eda \u00c1ngela Holgu\u00edn, el jefe del Estado expres\u00f3 un saludo&#8230;<\/p>\n","protected":false},"author":1,"featured_media":0,"comment_status":"open","ping_status":"open","sticky":false,"template":"","format":"standard","meta":{"footnotes":""},"categories":[4,82],"tags":[499,237,236,296],"class_list":["post-1542","post","type-post","status-publish","format-standard","hentry","category-breaking-news","category-nacionales","tag-cartagena-de-indias","tag-nadine-heredia","tag-ollanta-humala","tag-sebastian-pinera"],"_links":{"self":[{"href":"https:\/\/www.turistamagazine.com\/v2\/index.php?rest_route=\/wp\/v2\/posts\/1542","targetHints":{"allow":["GET"]}}],"collection":[{"href":"https:\/\/www.turistamagazine.com\/v2\/index.php?rest_route=\/wp\/v2\/posts"}],"about":[{"href":"https:\/\/www.turistamagazine.com\/v2\/index.php?rest_route=\/wp\/v2\/types\/post"}],"author":[{"embeddable":true,"href":"https:\/\/www.turistamagazine.com\/v2\/index.php?rest_route=\/wp\/v2\/users\/1"}],"replies":[{"embeddable":true,"href":"https:\/\/www.turistamagazine.com\/v2\/index.php?rest_route=%2Fwp%2Fv2%2Fcomments&post=1542"}],"version-history":[{"count":2,"href":"https:\/\/www.turistamagazine.com\/v2\/index.php?rest_route=\/wp\/v2\/posts\/1542\/revisions"}],"predecessor-version":[{"id":1544,"href":"https:\/\/www.turistamagazine.com\/v2\/index.php?rest_route=\/wp\/v2\/posts\/1542\/revisions\/1544"}],"wp:attachment":[{"href":"https:\/\/www.turistamagazine.com\/v2\/index.php?rest_route=%2Fwp%2Fv2%2Fmedia&parent=1542"}],"wp:term":[{"taxonomy":"category","embeddable":true,"href":"https:\/\/www.turistamagazine.com\/v2\/index.php?rest_route=%2Fwp%2Fv2%2Fcategories&post=1542"},{"taxonomy":"post_tag","embeddable":true,"href":"https:\/\/www.turistamagazine.com\/v2\/index.php?rest_route=%2Fwp%2Fv2%2Ftags&post=1542"}],"curies":[{"name":"wp","href":"https:\/\/api.w.org\/{rel}","templated":true}]}}