{"id":15370,"date":"2015-08-19T21:58:13","date_gmt":"2015-08-20T02:58:13","guid":{"rendered":"http:\/\/www.turistamagazine.com\/v2\/?p=15370"},"modified":"2015-08-19T21:58:13","modified_gmt":"2015-08-20T02:58:13","slug":"basta-ya-de-tanta-violencia-e-indiferencia","status":"publish","type":"post","link":"https:\/\/www.turistamagazine.com\/v2\/?p=15370","title":{"rendered":"BASTA YA DE TANTA VIOLENCIA E INDIFERENCIA"},"content":{"rendered":"<p style=\"text-align: justify;\"><span style=\"color: #000080;\"><strong>FRAN CAN-MENTE.-<\/strong> <\/span>Es inadmisible la violencia que se est\u00e1 viendo \u00faltimamente hacia la mujer, realmente, tenemos que hacer esp\u00edritu de cuerpo, con nuestro g\u00e9nero, \u00a1Basta ya! de tanta iniquidad y arbitrariedad, en contra del g\u00e9nero femenino, en este pa\u00eds donde las mujeres luchan a diario por hacerse un espacio, tanto en lo profesional como personal.<\/p>\n<p style=\"text-align: justify;\">Exigimos el respeto y consideraci\u00f3n que amerita s\u00f3lo el hecho de ser mujer\u2026 De que vale tener un Ministerio de la Mujer cuando d\u00eda a d\u00eda ocurren m\u00e1s y m\u00e1s hechos violentos y discriminaci\u00f3n contra las mujeres.<\/p>\n<p style=\"text-align: justify;\"><strong><em><span style=\"color: #000080;\">Es \u00a0insoportable realmente ver las escenas en TV, de c\u00f3mo una pobre mujer es agredida brutalmente por su pareja, la saca de un hostal y la arrastra desnuda por la vereda en la calle y le propina patadas y pu\u00f1etes cual saco de papas, y nadie hace nada por defenderla\u2026<\/span><\/em><\/strong><\/p>\n<p style=\"text-align: justify;\">Es que todos los implicados deben sufrir un castigo que realmente averg\u00fcence a estos pobres diablos que se atreven a maltratar a una mujer\u2026No tienen justificaci\u00f3n no importa el motivo que fuere, nada justifica una agresi\u00f3n, a ning\u00fan ser humano,<span style=\"color: #000080;\"><strong><em> ni animalito indefenso\u2026<\/em><\/strong><\/span><\/p>\n<p style=\"text-align: justify;\">C\u00f3mo dijo Patricia del R\u00edo, en el programa las Cinco de las Siete por RPP. No podemos tener la c\u00e1rcel llena de maltratadores de mujeres, <span style=\"color: #000080;\"><strong><em>porque pareciera que se ha convertido en una epidemia pegar a las mujeres<\/em><\/strong><\/span>, pero si se \u00a0puede ponerlos a \u00a0realizar trabajo comunal en las calles con un polo que diga <strong><em>\u201c<span style=\"color: #000080;\"> estoy aqu\u00ed\u00a0 porque soy un agresor de mujeres\u201d\u2026 Am\u00e9n Patricia estamos contigo empecemos una campa\u00f1a\u00bb \u00a0<\/span><\/em><span style=\"color: #000080;\">FRAN-CA-MENTE\u2026<\/span><em> <\/em><\/strong><\/p>\n","protected":false},"excerpt":{"rendered":"<p>FRAN CAN-MENTE.- Es inadmisible la violencia que se est\u00e1 viendo \u00faltimamente hacia la mujer, realmente, tenemos que hacer esp\u00edritu de cuerpo, con nuestro g\u00e9nero, \u00a1Basta ya! de tanta iniquidad y arbitrariedad, en contra del g\u00e9nero femenino, en este pa\u00eds donde las mujeres luchan a diario por hacerse un espacio, tanto en lo profesional como personal. Exigimos el respeto y consideraci\u00f3n que amerita s\u00f3lo el hecho de ser mujer\u2026 De que vale tener un Ministerio de la Mujer cuando d\u00eda a d\u00eda ocurren m\u00e1s y m\u00e1s hechos violentos y discriminaci\u00f3n contra las mujeres. Es \u00a0insoportable realmente ver las escenas en TV,&#8230;<\/p>\n","protected":false},"author":1,"featured_media":0,"comment_status":"open","ping_status":"open","sticky":false,"template":"","format":"standard","meta":{"footnotes":""},"categories":[346],"tags":[],"class_list":["post-15370","post","type-post","status-publish","format-standard","hentry","category-francamente"],"_links":{"self":[{"href":"https:\/\/www.turistamagazine.com\/v2\/index.php?rest_route=\/wp\/v2\/posts\/15370","targetHints":{"allow":["GET"]}}],"collection":[{"href":"https:\/\/www.turistamagazine.com\/v2\/index.php?rest_route=\/wp\/v2\/posts"}],"about":[{"href":"https:\/\/www.turistamagazine.com\/v2\/index.php?rest_route=\/wp\/v2\/types\/post"}],"author":[{"embeddable":true,"href":"https:\/\/www.turistamagazine.com\/v2\/index.php?rest_route=\/wp\/v2\/users\/1"}],"replies":[{"embeddable":true,"href":"https:\/\/www.turistamagazine.com\/v2\/index.php?rest_route=%2Fwp%2Fv2%2Fcomments&post=15370"}],"version-history":[{"count":1,"href":"https:\/\/www.turistamagazine.com\/v2\/index.php?rest_route=\/wp\/v2\/posts\/15370\/revisions"}],"predecessor-version":[{"id":15371,"href":"https:\/\/www.turistamagazine.com\/v2\/index.php?rest_route=\/wp\/v2\/posts\/15370\/revisions\/15371"}],"wp:attachment":[{"href":"https:\/\/www.turistamagazine.com\/v2\/index.php?rest_route=%2Fwp%2Fv2%2Fmedia&parent=15370"}],"wp:term":[{"taxonomy":"category","embeddable":true,"href":"https:\/\/www.turistamagazine.com\/v2\/index.php?rest_route=%2Fwp%2Fv2%2Fcategories&post=15370"},{"taxonomy":"post_tag","embeddable":true,"href":"https:\/\/www.turistamagazine.com\/v2\/index.php?rest_route=%2Fwp%2Fv2%2Ftags&post=15370"}],"curies":[{"name":"wp","href":"https:\/\/api.w.org\/{rel}","templated":true}]}}