{"id":1525,"date":"2014-02-10T09:31:44","date_gmt":"2014-02-10T14:31:44","guid":{"rendered":"http:\/\/www.turistamagazine.com\/v2\/?p=1525"},"modified":"2014-02-10T09:31:44","modified_gmt":"2014-02-10T14:31:44","slug":"peru-promperu-promovera-productos-organicos-en-feria-biofach-en-alemania","status":"publish","type":"post","link":"https:\/\/www.turistamagazine.com\/v2\/?p=1525","title":{"rendered":"PERU: PROMPER\u00da PROMOVER\u00c1 PRODUCTOS ORG\u00c1NICOS EN FERIA BIOFACH EN ALEMANIA"},"content":{"rendered":"<p style=\"text-align: justify;\">Lima.- La Comisi\u00f3n de Promoci\u00f3n del Per\u00fa para la Exportaci\u00f3n y el Turismo (Promper\u00fa) y 16 empresas agroexportadoras participar\u00e1n en la Feria \u201cBiofach 2014\u201d, que se llevar\u00e1 a cabo en N\u00faremberg, Alemania, del 12 al 15 de febrero del 2014, con el objetivo de promover la oferta exportable peruana de alimentos org\u00e1nicos.<\/p>\n<p style=\"text-align: justify;\">Con ello, se busca fortalecer las relaciones comerciales de las empresas peruanas exportadoras y que puedan acceder a nuevos contactos comerciales con potenciales compradores europeos.<\/p>\n<p style=\"text-align: justify;\">La participaci\u00f3n peruana es clave ya que Biofach es el evento m\u00e1s importante de productos org\u00e1nicos de Europa y adem\u00e1s, Alemania es el segundo destino de las exportaciones agro industriales peruanas. De esta forma, se podr\u00e1 promover las exportaciones de productos org\u00e1nicos producidos por las peque\u00f1as y medianas empresas (pymes) agro exportadoras peruanas en dicho mercado.<\/p>\n<p style=\"text-align: justify;\">Asimismo, la delegaci\u00f3n peruana podr\u00e1 conocer las nuevas tendencias del mercado, los productos de las empresas de otros pa\u00edses que compiten con los nuestros y las innovaciones en productos, envases y embalajes, con el fin de que sean difundidos a las empresas peruanas exportadoras.<\/p>\n<p style=\"text-align: justify;\">Arturo Zevallos, \u00a0funcionario de la Direcci\u00f3n de Promoci\u00f3n de las Exportaciones de Promper\u00fa viajar\u00e1 a Alemania, para que en representaci\u00f3n de la entidad realice actividades de promoci\u00f3n de exportaciones peruanas durante la feria mencionada.<\/p>\n","protected":false},"excerpt":{"rendered":"<p>Lima.- La Comisi\u00f3n de Promoci\u00f3n del Per\u00fa para la Exportaci\u00f3n y el Turismo (Promper\u00fa) y 16 empresas agroexportadoras participar\u00e1n en la Feria \u201cBiofach 2014\u201d, que se llevar\u00e1 a cabo en N\u00faremberg, Alemania, del 12 al 15 de febrero del 2014, con el objetivo de promover la oferta exportable peruana de alimentos org\u00e1nicos. Con ello, se busca fortalecer las relaciones comerciales de las empresas peruanas exportadoras y que puedan acceder a nuevos contactos comerciales con potenciales compradores europeos. La participaci\u00f3n peruana es clave ya que Biofach es el evento m\u00e1s importante de productos org\u00e1nicos de Europa y adem\u00e1s, Alemania es el&#8230;<\/p>\n","protected":false},"author":1,"featured_media":0,"comment_status":"open","ping_status":"open","sticky":false,"template":"","format":"standard","meta":{"footnotes":""},"categories":[4,82],"tags":[494,340,117,349],"class_list":["post-1525","post","type-post","status-publish","format-standard","hentry","category-breaking-news","category-nacionales","tag-alemania","tag-peru","tag-promocion-turistica","tag-promperu"],"_links":{"self":[{"href":"https:\/\/www.turistamagazine.com\/v2\/index.php?rest_route=\/wp\/v2\/posts\/1525","targetHints":{"allow":["GET"]}}],"collection":[{"href":"https:\/\/www.turistamagazine.com\/v2\/index.php?rest_route=\/wp\/v2\/posts"}],"about":[{"href":"https:\/\/www.turistamagazine.com\/v2\/index.php?rest_route=\/wp\/v2\/types\/post"}],"author":[{"embeddable":true,"href":"https:\/\/www.turistamagazine.com\/v2\/index.php?rest_route=\/wp\/v2\/users\/1"}],"replies":[{"embeddable":true,"href":"https:\/\/www.turistamagazine.com\/v2\/index.php?rest_route=%2Fwp%2Fv2%2Fcomments&post=1525"}],"version-history":[{"count":3,"href":"https:\/\/www.turistamagazine.com\/v2\/index.php?rest_route=\/wp\/v2\/posts\/1525\/revisions"}],"predecessor-version":[{"id":1538,"href":"https:\/\/www.turistamagazine.com\/v2\/index.php?rest_route=\/wp\/v2\/posts\/1525\/revisions\/1538"}],"wp:attachment":[{"href":"https:\/\/www.turistamagazine.com\/v2\/index.php?rest_route=%2Fwp%2Fv2%2Fmedia&parent=1525"}],"wp:term":[{"taxonomy":"category","embeddable":true,"href":"https:\/\/www.turistamagazine.com\/v2\/index.php?rest_route=%2Fwp%2Fv2%2Fcategories&post=1525"},{"taxonomy":"post_tag","embeddable":true,"href":"https:\/\/www.turistamagazine.com\/v2\/index.php?rest_route=%2Fwp%2Fv2%2Ftags&post=1525"}],"curies":[{"name":"wp","href":"https:\/\/api.w.org\/{rel}","templated":true}]}}