{"id":1503,"date":"2014-02-09T10:08:19","date_gmt":"2014-02-09T15:08:19","guid":{"rendered":"http:\/\/www.turistamagazine.com\/v2\/?p=1503"},"modified":"2014-02-09T10:08:19","modified_gmt":"2014-02-09T15:08:19","slug":"peru-establecen-tarifa-promocional-para-ingreso-a-machu-picchu","status":"publish","type":"post","link":"https:\/\/www.turistamagazine.com\/v2\/?p=1503","title":{"rendered":"PERU: ESTABLECEN TARIFA PROMOCIONAL PARA INGRESO A MACHU PICCHU"},"content":{"rendered":"<p>Lima.- Con el objetivo de promover el turismo interno, el Ministerio de Cultura, anunci\u00f3 que habr\u00e1 una tarifa promocional para el ingreso de visitantes nacionales a la ciudadela inca de Machu Picchu.<\/p>\n<p>A trav\u00e9s de un comunicado, informan que \u00abal igual que todos los a\u00f1os habr\u00e1 una tarifa promocional que estar\u00e1 vigente a partir de la fecha\u00bb.<\/p>\n<p>Indicaron que desde el a\u00f1o 2011, el Ministerio de Cultura establece la tarifa de promoci\u00f3n de 64 soles para adultos y 32 soles para estudiantes nacionales.<\/p>\n<p>Asimismo lamentan que haya ocurrido alg\u00fan \u00abimpase\u00bb por el tema del ingreso al Parque Arqueol\u00f3gico de Machu Picchu.<\/p>\n<p>Asimismo, el Ministerio de Cultura reafirm\u00f3 su compromiso con la ciudadan\u00eda respecto a la promoci\u00f3n de los descuentos de ley, para impulsar las visitas a diferentes lugares arqueol\u00f3gicos.<\/p>\n<p>F\/ Andina<\/p>\n","protected":false},"excerpt":{"rendered":"<p>Lima.- Con el objetivo de promover el turismo interno, el Ministerio de Cultura, anunci\u00f3 que habr\u00e1 una tarifa promocional para el ingreso de visitantes nacionales a la ciudadela inca de Machu Picchu. A trav\u00e9s de un comunicado, informan que \u00abal igual que todos los a\u00f1os habr\u00e1 una tarifa promocional que estar\u00e1 vigente a partir de la fecha\u00bb. Indicaron que desde el a\u00f1o 2011, el Ministerio de Cultura establece la tarifa de promoci\u00f3n de 64 soles para adultos y 32 soles para estudiantes nacionales. Asimismo lamentan que haya ocurrido alg\u00fan \u00abimpase\u00bb por el tema del ingreso al Parque Arqueol\u00f3gico de Machu&#8230;<\/p>\n","protected":false},"author":1,"featured_media":0,"comment_status":"open","ping_status":"open","sticky":false,"template":"","format":"standard","meta":{"footnotes":""},"categories":[4,82],"tags":[136,134,358,117],"class_list":["post-1503","post","type-post","status-publish","format-standard","hentry","category-breaking-news","category-nacionales","tag-boleto-turistico","tag-cusco","tag-machu-piccu","tag-promocion-turistica"],"_links":{"self":[{"href":"https:\/\/www.turistamagazine.com\/v2\/index.php?rest_route=\/wp\/v2\/posts\/1503","targetHints":{"allow":["GET"]}}],"collection":[{"href":"https:\/\/www.turistamagazine.com\/v2\/index.php?rest_route=\/wp\/v2\/posts"}],"about":[{"href":"https:\/\/www.turistamagazine.com\/v2\/index.php?rest_route=\/wp\/v2\/types\/post"}],"author":[{"embeddable":true,"href":"https:\/\/www.turistamagazine.com\/v2\/index.php?rest_route=\/wp\/v2\/users\/1"}],"replies":[{"embeddable":true,"href":"https:\/\/www.turistamagazine.com\/v2\/index.php?rest_route=%2Fwp%2Fv2%2Fcomments&post=1503"}],"version-history":[{"count":3,"href":"https:\/\/www.turistamagazine.com\/v2\/index.php?rest_route=\/wp\/v2\/posts\/1503\/revisions"}],"predecessor-version":[{"id":1507,"href":"https:\/\/www.turistamagazine.com\/v2\/index.php?rest_route=\/wp\/v2\/posts\/1503\/revisions\/1507"}],"wp:attachment":[{"href":"https:\/\/www.turistamagazine.com\/v2\/index.php?rest_route=%2Fwp%2Fv2%2Fmedia&parent=1503"}],"wp:term":[{"taxonomy":"category","embeddable":true,"href":"https:\/\/www.turistamagazine.com\/v2\/index.php?rest_route=%2Fwp%2Fv2%2Fcategories&post=1503"},{"taxonomy":"post_tag","embeddable":true,"href":"https:\/\/www.turistamagazine.com\/v2\/index.php?rest_route=%2Fwp%2Fv2%2Ftags&post=1503"}],"curies":[{"name":"wp","href":"https:\/\/api.w.org\/{rel}","templated":true}]}}