{"id":1499,"date":"2014-02-09T09:56:18","date_gmt":"2014-02-09T14:56:18","guid":{"rendered":"http:\/\/www.turistamagazine.com\/v2\/?p=1499"},"modified":"2014-02-09T09:56:18","modified_gmt":"2014-02-09T14:56:18","slug":"vaticano-mas-de-17000-novios-se-reuniran-ante-el-papa-por-san-valentin","status":"publish","type":"post","link":"https:\/\/www.turistamagazine.com\/v2\/?p=1499","title":{"rendered":"VATICANO: M\u00c1S DE 17,000 NOVIOS SE REUNIR\u00c1N ANTE EL PAPA POR SAN VALENT\u00cdN"},"content":{"rendered":"<p style=\"text-align: justify;\">Roma.- \u00a0M\u00e1s de 17.000 novios participar\u00e1n en una audiencia que ofrecer\u00e1 el Papa Francisco este 14 de febrero, por el d\u00eda de San Valent\u00edn, en la plaza de San Pedro, en la que recibir\u00e1n su bendici\u00f3n, inform\u00f3 el Vaticano.<\/p>\n<p style=\"text-align: justify;\">Dicha cifra, que ha sobrepasado las expectativas de la Santa Sede, es la que hasta el momento se ha inscrito para asistir a la referida convocatoria.<\/p>\n<p style=\"text-align: justify;\">La plaza se abrir\u00e1 a partir de las 09:00 horas de Roma para recibir a las parejas que asistir\u00e1n a esta actividad de reflexi\u00f3n, escucha y testimonio.<\/p>\n<p style=\"text-align: justify;\">La iniciativa de congregar a las parejas de enamorados en la plaza San Pedro surge del programa \u00abLa alegr\u00eda del S\u00ed para siempre\u00bb, promovida por el Consejo Pontificio desde el pasado 25 de enero, inform\u00f3 la prensa italiana.<\/p>\n<p>F\/ Andina<\/p>\n","protected":false},"excerpt":{"rendered":"<p>Roma.- \u00a0M\u00e1s de 17.000 novios participar\u00e1n en una audiencia que ofrecer\u00e1 el Papa Francisco este 14 de febrero, por el d\u00eda de San Valent\u00edn, en la plaza de San Pedro, en la que recibir\u00e1n su bendici\u00f3n, inform\u00f3 el Vaticano. Dicha cifra, que ha sobrepasado las expectativas de la Santa Sede, es la que hasta el momento se ha inscrito para asistir a la referida convocatoria. La plaza se abrir\u00e1 a partir de las 09:00 horas de Roma para recibir a las parejas que asistir\u00e1n a esta actividad de reflexi\u00f3n, escucha y testimonio. La iniciativa de congregar a las parejas de&#8230;<\/p>\n","protected":false},"author":1,"featured_media":0,"comment_status":"open","ping_status":"open","sticky":false,"template":"","format":"standard","meta":{"footnotes":""},"categories":[4,84],"tags":[424,171,380,474,300],"class_list":["post-1499","post","type-post","status-publish","format-standard","hentry","category-breaking-news","category-internacionales","tag-dia-de-san-valentin","tag-papa-francisco","tag-plaza-de-san-pedro","tag-roma","tag-vaticano"],"_links":{"self":[{"href":"https:\/\/www.turistamagazine.com\/v2\/index.php?rest_route=\/wp\/v2\/posts\/1499","targetHints":{"allow":["GET"]}}],"collection":[{"href":"https:\/\/www.turistamagazine.com\/v2\/index.php?rest_route=\/wp\/v2\/posts"}],"about":[{"href":"https:\/\/www.turistamagazine.com\/v2\/index.php?rest_route=\/wp\/v2\/types\/post"}],"author":[{"embeddable":true,"href":"https:\/\/www.turistamagazine.com\/v2\/index.php?rest_route=\/wp\/v2\/users\/1"}],"replies":[{"embeddable":true,"href":"https:\/\/www.turistamagazine.com\/v2\/index.php?rest_route=%2Fwp%2Fv2%2Fcomments&post=1499"}],"version-history":[{"count":3,"href":"https:\/\/www.turistamagazine.com\/v2\/index.php?rest_route=\/wp\/v2\/posts\/1499\/revisions"}],"predecessor-version":[{"id":1502,"href":"https:\/\/www.turistamagazine.com\/v2\/index.php?rest_route=\/wp\/v2\/posts\/1499\/revisions\/1502"}],"wp:attachment":[{"href":"https:\/\/www.turistamagazine.com\/v2\/index.php?rest_route=%2Fwp%2Fv2%2Fmedia&parent=1499"}],"wp:term":[{"taxonomy":"category","embeddable":true,"href":"https:\/\/www.turistamagazine.com\/v2\/index.php?rest_route=%2Fwp%2Fv2%2Fcategories&post=1499"},{"taxonomy":"post_tag","embeddable":true,"href":"https:\/\/www.turistamagazine.com\/v2\/index.php?rest_route=%2Fwp%2Fv2%2Ftags&post=1499"}],"curies":[{"name":"wp","href":"https:\/\/api.w.org\/{rel}","templated":true}]}}