{"id":1495,"date":"2014-02-09T09:50:15","date_gmt":"2014-02-09T14:50:15","guid":{"rendered":"http:\/\/www.turistamagazine.com\/v2\/?p=1495"},"modified":"2014-02-09T09:50:15","modified_gmt":"2014-02-09T14:50:15","slug":"francia-investigan-causas-de-accidente-de-tren-en-los-alpes-de-alta-provenza","status":"publish","type":"post","link":"https:\/\/www.turistamagazine.com\/v2\/?p=1495","title":{"rendered":"FRANCIA: INVESTIGAN CAUSAS DE ACCIDENTE DE TREN EN LOS ALPES DE ALTA PROVENZA"},"content":{"rendered":"<p style=\"text-align: justify;\">Par\u00eds.- La gendarmer\u00eda francesa y el Bur\u00f3 de Investigaci\u00f3n sobre Accidentes analizan hoy sobre el terreno las causas del descarrilamiento de un tren de turismo en los Alpes de Alta Provenza, que caus\u00f3 dos muertos y varios heridos.<\/p>\n<p style=\"text-align: justify;\">El convoy, que cubr\u00eda la ruta entre las ciudades de Niza y Digne-les-Bains, se sali\u00f3 de la v\u00eda este s\u00e1bado y un vag\u00f3n se desliz\u00f3 por un barranco cuando una enorme piedra ca\u00edda de la monta\u00f1a impact\u00f3 la parte delantera.<\/p>\n<p>Como consecuencia del desastre perdieron la vida una turista de 49 a\u00f1os y octogenario de la regi\u00f3n, mientras que ocho pasajeros resultaron heridos, uno de ellos de gravedad.<\/p>\n<p>Seg\u00fan las primeras informaciones, el tren viajaba a s\u00f3lo 30 kil\u00f3metros por hora y la compa\u00f1\u00eda ferroviaria asegura que las v\u00edas hab\u00edan sido renovadas en 2011.<\/p>\n<p>Pero los equipos de investigaci\u00f3n tratan de determinar si todas las medidas de seguridad fueron tomadas para evitar los riesgos de ca\u00eddas de rocas ante los fen\u00f3menos clim\u00e1ticos que han afectado la zona.<\/p>\n<p>F\/ (PL)<\/p>\n","protected":false},"excerpt":{"rendered":"<p>Par\u00eds.- La gendarmer\u00eda francesa y el Bur\u00f3 de Investigaci\u00f3n sobre Accidentes analizan hoy sobre el terreno las causas del descarrilamiento de un tren de turismo en los Alpes de Alta Provenza, que caus\u00f3 dos muertos y varios heridos. El convoy, que cubr\u00eda la ruta entre las ciudades de Niza y Digne-les-Bains, se sali\u00f3 de la v\u00eda este s\u00e1bado y un vag\u00f3n se desliz\u00f3 por un barranco cuando una enorme piedra ca\u00edda de la monta\u00f1a impact\u00f3 la parte delantera. Como consecuencia del desastre perdieron la vida una turista de 49 a\u00f1os y octogenario de la regi\u00f3n, mientras que ocho pasajeros resultaron&#8230;<\/p>\n","protected":false},"author":1,"featured_media":0,"comment_status":"open","ping_status":"open","sticky":false,"template":"","format":"standard","meta":{"footnotes":""},"categories":[4,84],"tags":[473,472,471],"class_list":["post-1495","post","type-post","status-publish","format-standard","hentry","category-breaking-news","category-internacionales","tag-accidente-de-tren","tag-alpes-de-alta-provenza","tag-francia"],"_links":{"self":[{"href":"https:\/\/www.turistamagazine.com\/v2\/index.php?rest_route=\/wp\/v2\/posts\/1495","targetHints":{"allow":["GET"]}}],"collection":[{"href":"https:\/\/www.turistamagazine.com\/v2\/index.php?rest_route=\/wp\/v2\/posts"}],"about":[{"href":"https:\/\/www.turistamagazine.com\/v2\/index.php?rest_route=\/wp\/v2\/types\/post"}],"author":[{"embeddable":true,"href":"https:\/\/www.turistamagazine.com\/v2\/index.php?rest_route=\/wp\/v2\/users\/1"}],"replies":[{"embeddable":true,"href":"https:\/\/www.turistamagazine.com\/v2\/index.php?rest_route=%2Fwp%2Fv2%2Fcomments&post=1495"}],"version-history":[{"count":3,"href":"https:\/\/www.turistamagazine.com\/v2\/index.php?rest_route=\/wp\/v2\/posts\/1495\/revisions"}],"predecessor-version":[{"id":1498,"href":"https:\/\/www.turistamagazine.com\/v2\/index.php?rest_route=\/wp\/v2\/posts\/1495\/revisions\/1498"}],"wp:attachment":[{"href":"https:\/\/www.turistamagazine.com\/v2\/index.php?rest_route=%2Fwp%2Fv2%2Fmedia&parent=1495"}],"wp:term":[{"taxonomy":"category","embeddable":true,"href":"https:\/\/www.turistamagazine.com\/v2\/index.php?rest_route=%2Fwp%2Fv2%2Fcategories&post=1495"},{"taxonomy":"post_tag","embeddable":true,"href":"https:\/\/www.turistamagazine.com\/v2\/index.php?rest_route=%2Fwp%2Fv2%2Ftags&post=1495"}],"curies":[{"name":"wp","href":"https:\/\/api.w.org\/{rel}","templated":true}]}}