{"id":14893,"date":"2015-08-04T10:29:37","date_gmt":"2015-08-04T15:29:37","guid":{"rendered":"http:\/\/www.turistamagazine.com\/v2\/?p=14893"},"modified":"2015-08-04T10:29:37","modified_gmt":"2015-08-04T15:29:37","slug":"imagen-del-nino-jesus-de-san-cristobal-sera-restaurada-en-el-cusco","status":"publish","type":"post","link":"https:\/\/www.turistamagazine.com\/v2\/?p=14893","title":{"rendered":"IMAGEN DEL NI\u00d1O JES\u00daS DE SAN CRIST\u00d3BAL SER\u00c1 RESTAURADA EN EL CUSCO"},"content":{"rendered":"<p style=\"text-align: justify;\">Cusco, ago. 04. Ante el reporte de los da\u00f1os causados a la imagen del Ni\u00f1o Jes\u00fas, que forma parte del conjunto escult\u00f3rico del patr\u00f3n San Crist\u00f3bal, la Direcci\u00f3n Desconcentrada de Cultura de Cusco (DDCC) dispuso la inmediata intervenci\u00f3n de los especialistas del Centro de Restauraci\u00f3n de Tip\u00f3n.<\/p>\n<p style=\"text-align: justify;\">Estos llevaron a cabo una evaluaci\u00f3n preliminar y constataron que la sagrada imagen presenta doble rotura en el brazo izquierdo y otra en la pierna derecha.<\/p>\n<p style=\"text-align: justify;\">Irving Castilla, restaurador que encabeza al equipo de especialistas, se\u00f1al\u00f3 que las rajaduras se presentan a la altura del hombro y el antebrazo izquierdos; mientras que la tercera fue detectada en la parte interna de la pierna derecha. Ante esta grave situaci\u00f3n, la DDCC dispuso el traslado de la imagen al mencionado centro donde ser\u00e1 sometida a un proceso restaurativo integral, previas evaluaciones con t\u00e9cnicas modernas y equipos de \u00faltima generaci\u00f3n.<\/p>\n<p style=\"text-align: justify;\">\u00a0<strong><em>\u00abNo podemos se\u00f1alar a\u00fan cu\u00e1nto tiempo demandar\u00e1 la restauraci\u00f3n integral, pues todo depender\u00e1 de los resultados del examen que se realice\u00bb,<\/em><\/strong> se\u00f1al\u00f3 el especialista, quien adem\u00e1s dispuso que la imagen fuera sometida a un tratamiento provisional hasta que concluyan las actividades religiosas del Corpus de San Crist\u00f3bal.<\/p>\n<p style=\"text-align: justify;\">Seg\u00fan informaron directivos de los cargadores del patr\u00f3n San Crist\u00f3bal, el brazo izquierdo del Ni\u00f1o Jes\u00fas choc\u00f3 contra la cornisa del arco de piedra que conforma el acceso al templo, en momentos en que lo ingresaban en procesi\u00f3n en el recinto religioso.<\/p>\n<p>Foto: ANDINA\/Difusi\u00f3n.<\/p>\n","protected":false},"excerpt":{"rendered":"<p>Cusco, ago. 04. Ante el reporte de los da\u00f1os causados a la imagen del Ni\u00f1o Jes\u00fas, que forma parte del conjunto escult\u00f3rico del patr\u00f3n San Crist\u00f3bal, la Direcci\u00f3n Desconcentrada de Cultura de Cusco (DDCC) dispuso la inmediata intervenci\u00f3n de los especialistas del Centro de Restauraci\u00f3n de Tip\u00f3n. Estos llevaron a cabo una evaluaci\u00f3n preliminar y constataron que la sagrada imagen presenta doble rotura en el brazo izquierdo y otra en la pierna derecha. Irving Castilla, restaurador que encabeza al equipo de especialistas, se\u00f1al\u00f3 que las rajaduras se presentan a la altura del hombro y el antebrazo izquierdos; mientras que la&#8230;<\/p>\n","protected":false},"author":1,"featured_media":0,"comment_status":"open","ping_status":"open","sticky":false,"template":"","format":"standard","meta":{"footnotes":""},"categories":[4,82],"tags":[4835,134,965,4836,340,117,4834,749],"class_list":["post-14893","post","type-post","status-publish","format-standard","hentry","category-breaking-news","category-nacionales","tag-corpus-de-san-cristobal","tag-cusco","tag-el-turismo-mistico","tag-nino-jesus","tag-peru","tag-promocion-turistica","tag-turismo-religioso","tag-turistamagazine"],"_links":{"self":[{"href":"https:\/\/www.turistamagazine.com\/v2\/index.php?rest_route=\/wp\/v2\/posts\/14893","targetHints":{"allow":["GET"]}}],"collection":[{"href":"https:\/\/www.turistamagazine.com\/v2\/index.php?rest_route=\/wp\/v2\/posts"}],"about":[{"href":"https:\/\/www.turistamagazine.com\/v2\/index.php?rest_route=\/wp\/v2\/types\/post"}],"author":[{"embeddable":true,"href":"https:\/\/www.turistamagazine.com\/v2\/index.php?rest_route=\/wp\/v2\/users\/1"}],"replies":[{"embeddable":true,"href":"https:\/\/www.turistamagazine.com\/v2\/index.php?rest_route=%2Fwp%2Fv2%2Fcomments&post=14893"}],"version-history":[{"count":3,"href":"https:\/\/www.turistamagazine.com\/v2\/index.php?rest_route=\/wp\/v2\/posts\/14893\/revisions"}],"predecessor-version":[{"id":14897,"href":"https:\/\/www.turistamagazine.com\/v2\/index.php?rest_route=\/wp\/v2\/posts\/14893\/revisions\/14897"}],"wp:attachment":[{"href":"https:\/\/www.turistamagazine.com\/v2\/index.php?rest_route=%2Fwp%2Fv2%2Fmedia&parent=14893"}],"wp:term":[{"taxonomy":"category","embeddable":true,"href":"https:\/\/www.turistamagazine.com\/v2\/index.php?rest_route=%2Fwp%2Fv2%2Fcategories&post=14893"},{"taxonomy":"post_tag","embeddable":true,"href":"https:\/\/www.turistamagazine.com\/v2\/index.php?rest_route=%2Fwp%2Fv2%2Ftags&post=14893"}],"curies":[{"name":"wp","href":"https:\/\/api.w.org\/{rel}","templated":true}]}}