{"id":14853,"date":"2015-08-02T08:36:25","date_gmt":"2015-08-02T13:36:25","guid":{"rendered":"http:\/\/www.turistamagazine.com\/v2\/?p=14853"},"modified":"2015-08-02T08:36:25","modified_gmt":"2015-08-02T13:36:25","slug":"lider-de-orden-senalo-que-en-su-partido-no-hay-espacio-para-corruptos","status":"publish","type":"post","link":"https:\/\/www.turistamagazine.com\/v2\/?p=14853","title":{"rendered":"LIDER DE ORDEN SE\u00d1AL\u00d3 QUE EN SU PARTIDO NO HAY ESPACIO PARA CORRUPTOS"},"content":{"rendered":"<p style=\"text-align: justify;\">S\u00e1bado, 01 de Agosto de 2015 .- El Presidente del Partido Pol\u00edtico ORDEN que lo lidera el Dr. \u00c1ntero Flores-Araoz Esparza, con voz en\u00e9rgica y firme se\u00f1al\u00f3 que en su partido no hay espacios para corruptos, \u201cEl que es corrupto se ir\u00e1 con una patada ya saben d\u00f3nde, porque en Orden no admitiremos ning\u00fan tipo de corrupci\u00f3n\u201d.<\/p>\n<p style=\"text-align: justify;\">El l\u00edder de ORDEN tambi\u00e9n se refiri\u00f3 al Plan de Gobierno de su partido, se\u00f1alando que la lucha contra la inseguridad est\u00e1 en agenda nacional, se\u00f1alando que vivimos en un pa\u00eds inseguro y su equipo de trabajo est\u00e1 trabajando para presentarlo al pa\u00eds en un breve plazo el plan de gobierno.<\/p>\n<p style=\"text-align: justify;\">Posterior a ello Flores-Araoz, juramento al Secretario Provincial de Lima, Mario Jara, reconocido dirigente estudiantil y su comit\u00e9 en pleno se\u00f1alando que es el inicio de una larga etapa de inauguraciones y aperturas de locales a nivel nacional.<\/p>\n<p>&nbsp;<\/p>\n<p>Por: Aldo Torres\/ Agencialn.com\/ Credito TuristamagazineDestinos<\/p>\n","protected":false},"excerpt":{"rendered":"<p>S\u00e1bado, 01 de Agosto de 2015 .- El Presidente del Partido Pol\u00edtico ORDEN que lo lidera el Dr. \u00c1ntero Flores-Araoz Esparza, con voz en\u00e9rgica y firme se\u00f1al\u00f3 que en su partido no hay espacios para corruptos, \u201cEl que es corrupto se ir\u00e1 con una patada ya saben d\u00f3nde, porque en Orden no admitiremos ning\u00fan tipo de corrupci\u00f3n\u201d. El l\u00edder de ORDEN tambi\u00e9n se refiri\u00f3 al Plan de Gobierno de su partido, se\u00f1alando que la lucha contra la inseguridad est\u00e1 en agenda nacional, se\u00f1alando que vivimos en un pa\u00eds inseguro y su equipo de trabajo est\u00e1 trabajando para presentarlo al pa\u00eds&#8230;<\/p>\n","protected":false},"author":1,"featured_media":0,"comment_status":"open","ping_status":"open","sticky":false,"template":"","format":"standard","meta":{"footnotes":""},"categories":[4,82],"tags":[1956,2649,749],"class_list":["post-14853","post","type-post","status-publish","format-standard","hentry","category-breaking-news","category-nacionales","tag-antero-flores-araoz","tag-partido-orden","tag-turistamagazine"],"_links":{"self":[{"href":"https:\/\/www.turistamagazine.com\/v2\/index.php?rest_route=\/wp\/v2\/posts\/14853","targetHints":{"allow":["GET"]}}],"collection":[{"href":"https:\/\/www.turistamagazine.com\/v2\/index.php?rest_route=\/wp\/v2\/posts"}],"about":[{"href":"https:\/\/www.turistamagazine.com\/v2\/index.php?rest_route=\/wp\/v2\/types\/post"}],"author":[{"embeddable":true,"href":"https:\/\/www.turistamagazine.com\/v2\/index.php?rest_route=\/wp\/v2\/users\/1"}],"replies":[{"embeddable":true,"href":"https:\/\/www.turistamagazine.com\/v2\/index.php?rest_route=%2Fwp%2Fv2%2Fcomments&post=14853"}],"version-history":[{"count":3,"href":"https:\/\/www.turistamagazine.com\/v2\/index.php?rest_route=\/wp\/v2\/posts\/14853\/revisions"}],"predecessor-version":[{"id":14856,"href":"https:\/\/www.turistamagazine.com\/v2\/index.php?rest_route=\/wp\/v2\/posts\/14853\/revisions\/14856"}],"wp:attachment":[{"href":"https:\/\/www.turistamagazine.com\/v2\/index.php?rest_route=%2Fwp%2Fv2%2Fmedia&parent=14853"}],"wp:term":[{"taxonomy":"category","embeddable":true,"href":"https:\/\/www.turistamagazine.com\/v2\/index.php?rest_route=%2Fwp%2Fv2%2Fcategories&post=14853"},{"taxonomy":"post_tag","embeddable":true,"href":"https:\/\/www.turistamagazine.com\/v2\/index.php?rest_route=%2Fwp%2Fv2%2Ftags&post=14853"}],"curies":[{"name":"wp","href":"https:\/\/api.w.org\/{rel}","templated":true}]}}