{"id":1483,"date":"2014-02-09T08:53:26","date_gmt":"2014-02-09T13:53:26","guid":{"rendered":"http:\/\/www.turistamagazine.com\/v2\/?p=1483"},"modified":"2014-02-09T08:53:26","modified_gmt":"2014-02-09T13:53:26","slug":"espana-la-infanta-cristina-regresa-a-ginebra-tras-pasar-la-noche-en-madrid","status":"publish","type":"post","link":"https:\/\/www.turistamagazine.com\/v2\/?p=1483","title":{"rendered":"ESPA\u00d1A: LA INFANTA CRISTINA REGRESA A GINEBRA TRAS PASAR LA NOCHE EN MADRID"},"content":{"rendered":"<p style=\"text-align: justify;\">La infanta Cristina ha regresado esta ma\u00f1ana a Ginebra en un vuelo regular tras pasar la noche en Madrid, donde ha tenido ocasi\u00f3n de trasladar a los Reyes sus impresiones sobre la comparecencia judicial en Palma celebrada ayer.<\/p>\n<p style=\"text-align: justify;\">La Casa del Rey no ha confirmado que do\u00f1a Cristina haya pernoctado en el Palacio de la Zarzuela y tampoco su viaje de esta ma\u00f1ana a Ginebra, porque esta instituci\u00f3n no informa sobre desplazamientos privados de los miembros de la Familia Real.<\/p>\n<p style=\"text-align: justify;\">La hija menor de don Juan Carlos y do\u00f1a Sof\u00eda viaj\u00f3 ayer por la tarde a Madrid desde Palma tras comparecer durante m\u00e1s de seis horas ante el juez instructor del Caso N\u00f3os, Jos\u00e9 Castro, y ha tomado esta ma\u00f1ana antes de mediod\u00eda un avi\u00f3n con destino a Ginebra, su actual ciudad de residencia, donde trabaja para la Fundaci\u00f3n La Caixa.<\/p>\n<p style=\"text-align: justify;\">La infanta se hab\u00eda desplazado desde la ciudad suiza hasta Barcelona d\u00edas antes de la comparecencia judicial para preparar con sus abogados su declaraci\u00f3n ante el juez y viaj\u00f3 desde la capital catalana hasta Palma ayer a primera hora de la ma\u00f1ana.<\/p>\n<p style=\"text-align: justify;\">En su comparecencia, do\u00f1a Cristina respondi\u00f3 durante casi cinco horas a las preguntas del juez Castro y durante media hora a las del fiscal Anticorrupci\u00f3n, Pedro Horrach, tras lo que contest\u00f3 asimismo a la abogac\u00eda del Estado, aunque no a las acusaciones.<\/p>\n<p>F\/LaVanguardia.com F\/ eltiempo.com<\/p>\n","protected":false},"excerpt":{"rendered":"<p>La infanta Cristina ha regresado esta ma\u00f1ana a Ginebra en un vuelo regular tras pasar la noche en Madrid, donde ha tenido ocasi\u00f3n de trasladar a los Reyes sus impresiones sobre la comparecencia judicial en Palma celebrada ayer. La Casa del Rey no ha confirmado que do\u00f1a Cristina haya pernoctado en el Palacio de la Zarzuela y tampoco su viaje de esta ma\u00f1ana a Ginebra, porque esta instituci\u00f3n no informa sobre desplazamientos privados de los miembros de la Familia Real. La hija menor de don Juan Carlos y do\u00f1a Sof\u00eda viaj\u00f3 ayer por la tarde a Madrid desde Palma tras&#8230;<\/p>\n","protected":false},"author":1,"featured_media":0,"comment_status":"open","ping_status":"open","sticky":false,"template":"","format":"standard","meta":{"footnotes":""},"categories":[4,84],"tags":[178,465,464,177],"class_list":["post-1483","post","type-post","status-publish","format-standard","hentry","category-breaking-news","category-internacionales","tag-espana","tag-familia-real-de-espana","tag-infanta-cristina","tag-madrid"],"_links":{"self":[{"href":"https:\/\/www.turistamagazine.com\/v2\/index.php?rest_route=\/wp\/v2\/posts\/1483","targetHints":{"allow":["GET"]}}],"collection":[{"href":"https:\/\/www.turistamagazine.com\/v2\/index.php?rest_route=\/wp\/v2\/posts"}],"about":[{"href":"https:\/\/www.turistamagazine.com\/v2\/index.php?rest_route=\/wp\/v2\/types\/post"}],"author":[{"embeddable":true,"href":"https:\/\/www.turistamagazine.com\/v2\/index.php?rest_route=\/wp\/v2\/users\/1"}],"replies":[{"embeddable":true,"href":"https:\/\/www.turistamagazine.com\/v2\/index.php?rest_route=%2Fwp%2Fv2%2Fcomments&post=1483"}],"version-history":[{"count":3,"href":"https:\/\/www.turistamagazine.com\/v2\/index.php?rest_route=\/wp\/v2\/posts\/1483\/revisions"}],"predecessor-version":[{"id":1487,"href":"https:\/\/www.turistamagazine.com\/v2\/index.php?rest_route=\/wp\/v2\/posts\/1483\/revisions\/1487"}],"wp:attachment":[{"href":"https:\/\/www.turistamagazine.com\/v2\/index.php?rest_route=%2Fwp%2Fv2%2Fmedia&parent=1483"}],"wp:term":[{"taxonomy":"category","embeddable":true,"href":"https:\/\/www.turistamagazine.com\/v2\/index.php?rest_route=%2Fwp%2Fv2%2Fcategories&post=1483"},{"taxonomy":"post_tag","embeddable":true,"href":"https:\/\/www.turistamagazine.com\/v2\/index.php?rest_route=%2Fwp%2Fv2%2Ftags&post=1483"}],"curies":[{"name":"wp","href":"https:\/\/api.w.org\/{rel}","templated":true}]}}