{"id":14829,"date":"2015-07-31T11:06:02","date_gmt":"2015-07-31T16:06:02","guid":{"rendered":"http:\/\/www.turistamagazine.com\/v2\/?p=14829"},"modified":"2015-07-31T11:06:02","modified_gmt":"2015-07-31T16:06:02","slug":"5-de-agosto-fiesta-nacional-de-jamaica","status":"publish","type":"post","link":"https:\/\/www.turistamagazine.com\/v2\/?p=14829","title":{"rendered":"5 DE AGOSTO FIESTA NACIONAL DE JAMAICA"},"content":{"rendered":"<p style=\"text-align: justify;\">La medianoche del 5 de Agosto de 1962, fue bajada la bandera brit\u00e1nica y la bandera de Jamaica fue izada por vez primera. El 6 de agosto de 1962 Jamaica obtuvo su Independencia, la isla dejar\u00eda de ser una colonia brit\u00e1nica para convertirse en naci\u00f3n.<\/p>\n<p style=\"text-align: justify;\">En el mes de agosto, la conmemoraci\u00f3n de la emancipaci\u00f3n de la esclavitud y la independencia del colonialismo, es una oportunidad perfecta para conocer y experimentar la historia y cultura de Jamaica.<\/p>\n<p style=\"text-align: justify;\">Este a\u00f1o las celebraciones giran en torno al lema \u00abProud and Free, Jamaica 53!\u00bb (Orgullosa y libre, Jamaica 53). La temporada de festividades, que se extiende del 1 al 6 de agosto, atrae a cientos de visitantes y jamaiquinos que viven fuera para participar de una variedad de actividades que incluyen entretenimiento musical, bailes, desfiles de trajes, presentaciones culinarias, exhibiciones de arte, concursos de drama, un festival de la canci\u00f3n y mucho m\u00e1s.<\/p>\n<div id=\"attachment_14834\" style=\"width: 310px\" class=\"wp-caption aligncenter\"><a href=\"https:\/\/www.turistamagazine.com\/v2\/wp-content\/uploads\/2015\/07\/redemption-song-monument-by-laura-facey-roman-romanenko.jpg\"><img decoding=\"async\" aria-describedby=\"caption-attachment-14834\" class=\"size-medium wp-image-14834\" title=\"Redemption-song-monument-by-laura-facey-roman-romanenko\" src=\"https:\/\/www.turistamagazine.com\/v2\/wp-content\/uploads\/2015\/07\/redemption-song-monument-by-laura-facey-roman-romanenko-300x201.jpg\" alt=\"\" width=\"300\" height=\"201\" \/><\/a><p id=\"caption-attachment-14834\" class=\"wp-caption-text\">Redemption-song-monument-by-laura-facey-roman-romanenko<\/p><\/div>\n<p style=\"text-align: justify;\"><strong>Del 1 al 6 de agosto,<\/strong> el Centro de Entretenimiento Ranny Williams se transformar\u00e1 en la \u201cVilla de la Independencia\u201d y mostrar\u00e1 lo mejor de la cultura jamaiquina en una gran feria con actividades diurnas y nocturnas, desde conciertos y espect\u00e1culos esc\u00e9nicos, hasta exposiciones, paneles de discusi\u00f3n, un festival literario y cinematogr\u00e1fico, show de moda, feria de comida, un zool\u00f3gico de contacto, atracciones infantiles, y otras atracciones.<\/p>\n<p style=\"text-align: justify;\"><strong>El 1 de agosto<\/strong>, observado como D\u00eda Nacional de Jamaica, se conmemora la emancipaci\u00f3n de la esclavitud, en 1838. Tradicionalmente se realizan vigilias la noche anterior, con tambores, repiques de campanas y celebraciones que duran hasta el amanecer del 1ro de agosto. Ese d\u00eda el \u00e1rea de Hope Road, en las inmediaciones de Jamaica House y King\u2019s House, se transformar\u00e1 en un enorme y vibrante mercado, replicando el popular mercado de los s\u00e1bados.<\/p>\n<p style=\"text-align: justify;\"><strong>El 2 de agosto <\/strong>es el D\u00eda Familiar, alentando a las familias en toda la isla a compartir tiempo de calidad, mediante reuniones y paseos a sitios de inter\u00e9s como Port Royal, Hope Gardens, y\u00a0 Devon House.<\/p>\n<p style=\"text-align: justify;\"><strong>El 3 de agosto<\/strong>, el Festival Auntie Roachie, mostrar\u00e1 el talento creativo de la industria cinematogr\u00e1fica y literaria y por la noche \u201cLa Moda saluda a la M\u00fasica\u201d, con demostraciones de dise\u00f1adores establecidos y j\u00f3venes y emergentes, modelados por los finalistas del concurso Miss Jamaica Universe 2015, amenizados con m\u00fasica de las bandas In2Nation y One Third.<\/p>\n<div id=\"attachment_14833\" style=\"width: 204px\" class=\"wp-caption aligncenter\"><a href=\"https:\/\/www.turistamagazine.com\/v2\/wp-content\/uploads\/2015\/07\/JamaicaFestival2015-Independence.jpg\"><img decoding=\"async\" aria-describedby=\"caption-attachment-14833\" class=\"size-medium wp-image-14833\" title=\"JamaicaFestival 2015-Independence\" src=\"https:\/\/www.turistamagazine.com\/v2\/wp-content\/uploads\/2015\/07\/JamaicaFestival2015-Independence-194x300.jpg\" alt=\"\" width=\"194\" height=\"300\" \/><\/a><p id=\"caption-attachment-14833\" class=\"wp-caption-text\">JamaicaFestival 2015-Independence<\/p><\/div>\n<p style=\"text-align: justify;\"><strong>El 4 de agosto<\/strong> destaca el festival familiar <em>Mello Go-Roun\u2019, <\/em>que presenta lo mejor de las artes esc\u00e9nicas, mientras que el <strong>5 de agosto<\/strong> tendr\u00e1 lugar el campeonato World Reggae Dance.<\/p>\n<p style=\"text-align: justify;\">Las celebraciones de la independencia culminan el <strong>6 de agosto<\/strong> con la\u00a0 Gran Gala de la Independencia en el Estadio Nacional y una fiesta en el Ranny Williams Entertainment Centre.<\/p>\n<p style=\"text-align: justify;\">Se puede consultar un calendario completo de celebraciones en toda la isla aqu\u00ed: <\/p>\n<p style=\"text-align: justify;\">\u00a0Si deseas conocer m\u00e1s sobre estas festividades, tradiciones y actividades de celebraci\u00f3n en Jamaica, no dudes en contactarnos<\/p>\n<div id=\"attachment_14831\" style=\"width: 310px\" class=\"wp-caption aligncenter\"><a href=\"https:\/\/www.turistamagazine.com\/v2\/wp-content\/uploads\/2015\/07\/Gala-Independencia.jpg\"><img decoding=\"async\" aria-describedby=\"caption-attachment-14831\" class=\"size-medium wp-image-14831\" title=\"Gala Independencia\" src=\"https:\/\/www.turistamagazine.com\/v2\/wp-content\/uploads\/2015\/07\/Gala-Independencia-300x200.jpg\" alt=\"\" width=\"300\" height=\"200\" \/><\/a><p id=\"caption-attachment-14831\" class=\"wp-caption-text\">Gala Independencia<\/p><\/div>\n<p style=\"text-align: justify;\">Env\u00edo Yndiana Montes<\/p>\n","protected":false},"excerpt":{"rendered":"<p>La medianoche del 5 de Agosto de 1962, fue bajada la bandera brit\u00e1nica y la bandera de Jamaica fue izada por vez primera. El 6 de agosto de 1962 Jamaica obtuvo su Independencia, la isla dejar\u00eda de ser una colonia brit\u00e1nica para convertirse en naci\u00f3n. En el mes de agosto, la conmemoraci\u00f3n de la emancipaci\u00f3n de la esclavitud y la independencia del colonialismo, es una oportunidad perfecta para conocer y experimentar la historia y cultura de Jamaica. Este a\u00f1o las celebraciones giran en torno al lema \u00abProud and Free, Jamaica 53!\u00bb (Orgullosa y libre, Jamaica 53). La temporada de festividades,&#8230;<\/p>\n","protected":false},"author":1,"featured_media":0,"comment_status":"open","ping_status":"open","sticky":false,"template":"","format":"standard","meta":{"footnotes":""},"categories":[86],"tags":[4814,1474,4815,1475,749],"class_list":["post-14829","post","type-post","status-publish","format-standard","hentry","category-destinos","tag-proud-and-free","tag-jamaica","tag-jamaica-53","tag-jamaica-tourist-board","tag-turistamagazine"],"_links":{"self":[{"href":"https:\/\/www.turistamagazine.com\/v2\/index.php?rest_route=\/wp\/v2\/posts\/14829","targetHints":{"allow":["GET"]}}],"collection":[{"href":"https:\/\/www.turistamagazine.com\/v2\/index.php?rest_route=\/wp\/v2\/posts"}],"about":[{"href":"https:\/\/www.turistamagazine.com\/v2\/index.php?rest_route=\/wp\/v2\/types\/post"}],"author":[{"embeddable":true,"href":"https:\/\/www.turistamagazine.com\/v2\/index.php?rest_route=\/wp\/v2\/users\/1"}],"replies":[{"embeddable":true,"href":"https:\/\/www.turistamagazine.com\/v2\/index.php?rest_route=%2Fwp%2Fv2%2Fcomments&post=14829"}],"version-history":[{"count":3,"href":"https:\/\/www.turistamagazine.com\/v2\/index.php?rest_route=\/wp\/v2\/posts\/14829\/revisions"}],"predecessor-version":[{"id":14837,"href":"https:\/\/www.turistamagazine.com\/v2\/index.php?rest_route=\/wp\/v2\/posts\/14829\/revisions\/14837"}],"wp:attachment":[{"href":"https:\/\/www.turistamagazine.com\/v2\/index.php?rest_route=%2Fwp%2Fv2%2Fmedia&parent=14829"}],"wp:term":[{"taxonomy":"category","embeddable":true,"href":"https:\/\/www.turistamagazine.com\/v2\/index.php?rest_route=%2Fwp%2Fv2%2Fcategories&post=14829"},{"taxonomy":"post_tag","embeddable":true,"href":"https:\/\/www.turistamagazine.com\/v2\/index.php?rest_route=%2Fwp%2Fv2%2Ftags&post=14829"}],"curies":[{"name":"wp","href":"https:\/\/api.w.org\/{rel}","templated":true}]}}